{"id":18272,"date":"2017-10-04T10:16:43","date_gmt":"2017-10-04T13:16:43","guid":{"rendered":"http:\/\/actualidadadiario.com\/site\/?p=18272"},"modified":"2017-10-04T10:16:43","modified_gmt":"2017-10-04T13:16:43","slug":"ultiman-los-detalles-para-la-inauguracion-del-centro-provincial-de-convenciones","status":"publish","type":"post","link":"https:\/\/www.actualidadadiario.com\/index.php\/2017\/10\/04\/ultiman-los-detalles-para-la-inauguracion-del-centro-provincial-de-convenciones\/","title":{"rendered":"Ultiman los detalles para la inauguraci\u00f3n del Centro Provincial de Convenciones"},"content":{"rendered":"<p><em><strong>Este mi\u00e9rcoles, a las 19, se realizar\u00e1 el acto inaugural del Centro Provincial de Convenciones de Paran\u00e1, el m\u00e1s grande de la Mesopotamia y la Regi\u00f3n Centro. La obra fue realizada con fondos provinciales y tendr\u00e1 una capacidad total para 2.500 personas<\/strong><\/em><\/p>\n<p>&nbsp;<\/p>\n<p>&nbsp;<\/p>\n<p>&nbsp;<\/p>\n<p>M\u00e1s de 100 personas trabajan en los \u00faltimos detalles para llegar en tiempo y forma a la inauguraci\u00f3n del Centro Provincial de Convenciones que se realizar\u00e1 este mi\u00e9rcoles.<\/p>\n<p>&nbsp;<\/p>\n<p>En el lugar, el subsecretario de Turismo de Reuniones y Convenciones de la provincia, Jos\u00e9 Ostrosky, indic\u00f3 que el lugar fue construido espec\u00edficamente para el desarrollo del turismo de reuniones. \u201cLa visi\u00f3n estrat\u00e9gica que tuvo el gobernador en esta materia es muy clara porque romper la estacionalidad y apuntar a tener turistas todo el a\u00f1o en la provincia es muy beneficioso. Es decir que el centro de convenciones viene a completar los productos ya existentes como las termas, la pesca, los carnavales, la naturaleza\u201d.<\/p>\n<p>&nbsp;<\/p>\n<p>\u201cEn este lugar uno puede desarrollar actividades y tener el contacto con la naturaleza a pocos metros, con una vista extraordinaria de la barranca y del r\u00edo Paran\u00e1 que hacen \u00fanico a este Centro de Convenciones, el m\u00e1s grande de la Mesopotamia y la Regi\u00f3n Centro y financiado 100 por ciento por el gobierno provincial\u201d, afirm\u00f3 Ostrosky.<\/p>\n<p>&nbsp;<\/p>\n<p>M\u00e1s adelante, indic\u00f3 que \u201cla provincia viene teniendo un crecimiento sostenido del 50 por ciento anual en materia de turismo de reuniones, la provincia tiene el 5,2 por ciento de todos los eventos que se realizan en el pa\u00eds. Esto habla a las claras de que este centro ser\u00e1 un antes y un despu\u00e9s para Entre R\u00edos\u201d.<\/p>\n<p>&nbsp;<\/p>\n<p>Y finalmente dijo que ya hay reservas para eventos para lo que resta del a\u00f1o y para el pr\u00f3ximo, entre ellos, encuentros de neurociencia, de odontolog\u00eda, de biolog\u00eda molecular y en 2018 est\u00e1 programado el Congreso Mundial de Energ\u00eda que reunir\u00e1 a gente de distintas partes del mundo.<\/p>\n<p>&nbsp;<\/p>\n<p>Por su parte, la esposa del gobernador, Mariel \u00c1vila, dijo que, a s\u00f3lo un d\u00eda de la inauguraci\u00f3n, \u201cestamos con mucha ansiedad pero muy contentos, hay un equipo de m\u00e1s de 100 personas trabajando y dando los retoques para llegar en tiempo y forma a la inauguraci\u00f3n\u201d.<\/p>\n<p>&nbsp;<\/p>\n<p>Luego convoc\u00f3 a \u201ctodos los vecinos de Paran\u00e1 a participar este mi\u00e9rcoles 4 de octubre, a las 19, del acto inaugural del Centro Provincial de Convenciones m\u00e1s grande de la Regi\u00f3n Centro. Queremos que los vecinos disfruten de este lugar, fruto del esfuerzo que ha hecho el gobernador Gustavo Bordet para concretar esta obra que se traducir\u00e1 en un c\u00edrculo virtuoso para la regi\u00f3n\u201d.<\/p>\n<p>&nbsp;<\/p>\n<p>&nbsp;<\/p>\n<p><strong>Detalles<\/strong><\/p>\n<p>El centro de convenciones es el m\u00e1s moderno de la Regi\u00f3n Centro con \u00faltima tecnolog\u00eda, tiene una capacidad total para 2.500 personas \u201cpero se le suma La Veja Usina y as\u00ed podremos trabajar mancomunadamente y llegar a albergar un evento de 3.200 personas\u201d.<\/p>\n<p>&nbsp;<\/p>\n<p>Posee un sal\u00f3n principal en planta alta con una capacidad para 2.000 personas o para 1.800 personas sentadas en formato auditorio, que a su vez se puede dividir en tres salones iguales de 600 personas con un gran foyer, con una vista privilegiada de lo que son las barrancas y el r\u00edo Paran\u00e1.<\/p>\n<p>&nbsp;<\/p>\n<p>Por otro lado, en planta baja hay cuatro salones para 100 personas que se pueden, seg\u00fan el formato, armar dos salones para 200 personas o un sal\u00f3n para 500 personas, adem\u00e1s oficinas y un bar restaurante.<\/p>\n","protected":false},"excerpt":{"rendered":"<p>Este mi\u00e9rcoles, a las 19, se realizar\u00e1 el acto inaugural del Centro Provincial de Convenciones de Paran\u00e1, el m\u00e1s grande de la Mesopotamia y la Regi\u00f3n Centro. La obra fue realizada con fondos provinciales y tendr\u00e1 una capacidad total para 2.500 personas &nbsp; &nbsp; &nbsp; M\u00e1s de 100 personas trabajan en los \u00faltimos detalles para llegar en tiempo y forma a la inauguraci\u00f3n del Centro Provincial de Convenciones que se realizar\u00e1 este mi\u00e9rcoles. &nbsp; En el lugar, el subsecretario de Turismo de Reuniones y Convenciones de la provincia, Jos\u00e9 Ostrosky,&#8230;<\/p>\n","protected":false},"author":3,"featured_media":18273,"comment_status":"closed","ping_status":"closed","sticky":false,"template":"","format":"standard","meta":[],"categories":[15],"tags":[],"_links":{"self":[{"href":"https:\/\/www.actualidadadiario.com\/index.php\/wp-json\/wp\/v2\/posts\/18272"}],"collection":[{"href":"https:\/\/www.actualidadadiario.com\/index.php\/wp-json\/wp\/v2\/posts"}],"about":[{"href":"https:\/\/www.actualidadadiario.com\/index.php\/wp-json\/wp\/v2\/types\/post"}],"author":[{"embeddable":true,"href":"https:\/\/www.actualidadadiario.com\/index.php\/wp-json\/wp\/v2\/users\/3"}],"replies":[{"embeddable":true,"href":"https:\/\/www.actualidadadiario.com\/index.php\/wp-json\/wp\/v2\/comments?post=18272"}],"version-history":[{"count":1,"href":"https:\/\/www.actualidadadiario.com\/index.php\/wp-json\/wp\/v2\/posts\/18272\/revisions"}],"predecessor-version":[{"id":18274,"href":"https:\/\/www.actualidadadiario.com\/index.php\/wp-json\/wp\/v2\/posts\/18272\/revisions\/18274"}],"wp:featuredmedia":[{"embeddable":true,"href":"https:\/\/www.actualidadadiario.com\/index.php\/wp-json\/wp\/v2\/media\/18273"}],"wp:attachment":[{"href":"https:\/\/www.actualidadadiario.com\/index.php\/wp-json\/wp\/v2\/media?parent=18272"}],"wp:term":[{"taxonomy":"category","embeddable":true,"href":"https:\/\/www.actualidadadiario.com\/index.php\/wp-json\/wp\/v2\/categories?post=18272"},{"taxonomy":"post_tag","embeddable":true,"href":"https:\/\/www.actualidadadiario.com\/index.php\/wp-json\/wp\/v2\/tags?post=18272"}],"curies":[{"name":"wp","href":"https:\/\/api.w.org\/{rel}","templated":true}]}}