{"id":18269,"date":"2017-10-04T10:16:02","date_gmt":"2017-10-04T13:16:02","guid":{"rendered":"http:\/\/actualidadadiario.com\/site\/?p=18269"},"modified":"2017-10-04T10:16:02","modified_gmt":"2017-10-04T13:16:02","slug":"bordet-espera-una-convocatoria-de-macri","status":"publish","type":"post","link":"https:\/\/www.actualidadadiario.com\/index.php\/2017\/10\/04\/bordet-espera-una-convocatoria-de-macri\/","title":{"rendered":"Bordet espera una convocatoria de Macri"},"content":{"rendered":"<p><em><strong>\u201cNo estamos para la cr\u00edtica f\u00e1cil, sino para aportar. Hacemos un planteo en un marco de madurez pol\u00edtica e institucional porque sabemos que Entre R\u00edos recibe mucho menos de lo que aporta\u201d, dijo hoy el gobernador Gustavo Bordet en Gualeguaych\u00fa sobre un informe de la consultora Econom\u00eda y Regiones<\/strong><\/em><\/p>\n<p>&nbsp;<\/p>\n<p>&nbsp;<\/p>\n<p>&nbsp;<\/p>\n<p>\u201cNo estamos para la cr\u00edtica f\u00e1cil, sino para aportar. Hacemos un planteo en un marco de madurez pol\u00edtica e institucional porque sabemos que Entre R\u00edos recibe mucho menos de lo que aporta\u201d, dijo hoy el gobernador Gustavo Bordet en Gualeguaych\u00fa sobre el informe de la consultora Econom\u00eda y Regiones que revela que Buenos Aires se queda con uno de cada cuatro pesos para obra p\u00fablica del presupuesto nacional.<\/p>\n<p>&nbsp;<\/p>\n<p>\u201cVenimos haciendo un esfuerzo enorme en Entre R\u00edos. Hemos logrado reducir en un 40 por ciento del d\u00e9ficit fiscal. Estamos trabajando de manera muy ordenada y transparente con los n\u00fameros de la administraci\u00f3n p\u00fablica\u201d, afirm\u00f3.<\/p>\n<p>&nbsp;<\/p>\n<p>Consultado sobre el reclamo de la provincia de Buenos Aires ante la CSJ, Bordet insisti\u00f3 en que una quita de coparticipaci\u00f3n pondr\u00eda en riesgo las finanzas de la provincia y volvi\u00f3 a bregar por una soluci\u00f3n pol\u00edtica al conflicto.<\/p>\n<p>&nbsp;<\/p>\n<p>\u201cEsperamos que el presidente haga una convocatoria a los gobernadores para juntarnos y ponernos de acuerdo en estas cuestiones\u201d, dijo el mandatario.<\/p>\n<p>&nbsp;<\/p>\n<p>\u201cQueremos igualdad y equidad porque es cierto que Buenos Aires dej\u00f3 de percibir los fondos de conurbano porque quedaron congelados desde hace a\u00f1os, pero tambi\u00e9n no es menos cierto que recibe el doble de subsidios que el resto de las provincias.<\/p>\n<p>&nbsp;<\/p>\n<p>Queremos encontrar un equilibrio que nos permita ser sustentables como provincia y como gobernador tengo la obligaci\u00f3n de hacerlo\u201d.<\/p>\n<p>&nbsp;<\/p>\n<p>Bordet desarroll\u00f3 en la ciudad del sur entrerriano una intensa agenda de trabajo acompa\u00f1ado por el intendente Mart\u00edn Piaggio, con quien tiene una \u201cexcelente relaci\u00f3n institucional y pol\u00edtica\u201d, defini\u00f3.<\/p>\n<p>&nbsp;<\/p>\n<p>El gobernador, junto al diputado Juan Jos\u00e9 Bahillo, la titular del Instituto Becario, Mayda Cresto, la diputada Carolina Gaillard, y la vice presidenta del Becario, Claudia Gieco, entreg\u00f3 m\u00e1s de 2.600 tarjetas becarias a estudiantes de la provincia y elementos educativos, aportes a entidades civiles por 4,5 millones de pesos y a juntas de gobierno por m\u00e1s de 3,4 millones de pesos.<\/p>\n<p>&nbsp;<\/p>\n<p>En el Centro de Convenciones de Gualeguaych\u00fa, ubicado en el Cors\u00f3dromo, se firm\u00f3 el convenio para la ejecuci\u00f3n de la obra de pavimentaci\u00f3n del camino de la pen\u00ednsula, zonas ribere\u00f1as de planta urbana, con un presupuesto oficial de casi 14 millones de pesos.<\/p>\n<p>&nbsp;<\/p>\n<p>Tambi\u00e9n anunci\u00f3 la adjudicaci\u00f3n de la obra de acceso a San Antonio, que financiar\u00e1 \u00edntegramente el gobierno provincial, por 170 millones de pesos.<\/p>\n<p>&nbsp;<\/p>\n<p>Y Bordet le entreg\u00f3 al presidente municipal el proyecto de puesta en valor y restauraci\u00f3n de la Casa del poeta Fray Mocho en la que se invertir\u00e1n casi 4 millones de pesos.<\/p>\n<p>&nbsp;<\/p>\n<p>El gobernador destac\u00f3 que \u201ces tiempo de poder trabajar pol\u00edticas p\u00fablicas en conjunto, dejar de lado peque\u00f1as diferencias, pensar que podemos tener un gran futuro y que debemos hacerlo entre todos. Tenemos que hacerlo con el gobierno nacional, el provincial, y los municipales, con las juntas de gobierno porque hay elecciones, pero las elecciones pasan\u201d.<\/p>\n<p>&nbsp;<\/p>\n<p>En ese marco convoc\u00f3 a que \u201ctrabajemos todos juntos y la provincia con todas las potencialidades que tiene. De nuestra parte hacemos lo que nos toca: trabajar y administrar el dinero de todos los entrerrianos. Y lo hacemos con mucha responsabilidad\u201d.<\/p>\n<p>&nbsp;<\/p>\n<p>\u201cSolamente necesitamos de todos y no s\u00f3lo me estoy refiriendo a la parte de gobierno. Necesitamos la sociedad civil, necesitamos que haya m\u00e1s asociaciones, m\u00e1s centros de jubilados, m\u00e1s bibliotecas, m\u00e1s clubes porque ac\u00e1 tambi\u00e9n el Estado va a estar presente para trabajar codo a codo porque es la \u00fanica forma de que esta provincia, esta linda provincia de Entre R\u00edos que nos convoca a este futuro de grandeza\u201d, destac\u00f3.<\/p>\n<p>&nbsp;<\/p>\n<p>\u201cComo habitualmente hacemos en todas las localidades de la provincia, a m\u00ed siempre me resulta muy grato venir a Gualeguaych\u00fa porque tenemos una relaci\u00f3n muy cercana con Juan Jos\u00e9 Bahillo cuando fuimos intendentes en nuestras respectivas ciudades. Hoy como gobernador con el intendente Mart\u00edn Piaggio tenemos una excelente relaci\u00f3n pol\u00edtica y de trabajo que acrecienta estos v\u00ednculos que nos permiten llegar con muchas obras para los vecinos de la ciudad\u201d, dijo el mandatario.<\/p>\n<p>&nbsp;<\/p>\n<p>En el acto estuvieron presentes el intendente de Gualeguaych\u00fa, Mart\u00edn Piaggio; los ministros de Planeamiento, Luis Benedetto; de Gobierno, Mauro Urribarri; de Desarrollo social, Laura Stratta; la directora y la subdirectora del Instituto Becario Provincial, Mayda Cresto y Claudia Gieco, respectivamente; la titular de Vialidad, Alicia Benitez; la presidenta del Copnaf, Marisa Paira; los legisladores nacionales por Entre R\u00edos, Pedro Guastavino y Carolina Gaillard; la diputada provincial, Leticia Angerosa; el diputado nacional, Lautaro Gervasoni; los diputados provinciales Juan Jos\u00e9 Bahillo y Mar\u00eda Elena Tassitro; intendentes y presidentes de juntas de gobierno, clubes, emprendedores, bomberos, entre otros.<\/p>\n","protected":false},"excerpt":{"rendered":"<p>\u201cNo estamos para la cr\u00edtica f\u00e1cil, sino para aportar. Hacemos un planteo en un marco de madurez pol\u00edtica e institucional porque sabemos que Entre R\u00edos recibe mucho menos de lo que aporta\u201d, dijo hoy el gobernador Gustavo Bordet en Gualeguaych\u00fa sobre un informe de la consultora Econom\u00eda y Regiones &nbsp; &nbsp; &nbsp; \u201cNo estamos para la cr\u00edtica f\u00e1cil, sino para aportar. Hacemos un planteo en un marco de madurez pol\u00edtica e institucional porque sabemos que Entre R\u00edos recibe mucho menos de lo que aporta\u201d, dijo hoy el gobernador Gustavo Bordet&#8230;<\/p>\n","protected":false},"author":3,"featured_media":18270,"comment_status":"closed","ping_status":"closed","sticky":false,"template":"","format":"standard","meta":[],"categories":[9,15],"tags":[],"_links":{"self":[{"href":"https:\/\/www.actualidadadiario.com\/index.php\/wp-json\/wp\/v2\/posts\/18269"}],"collection":[{"href":"https:\/\/www.actualidadadiario.com\/index.php\/wp-json\/wp\/v2\/posts"}],"about":[{"href":"https:\/\/www.actualidadadiario.com\/index.php\/wp-json\/wp\/v2\/types\/post"}],"author":[{"embeddable":true,"href":"https:\/\/www.actualidadadiario.com\/index.php\/wp-json\/wp\/v2\/users\/3"}],"replies":[{"embeddable":true,"href":"https:\/\/www.actualidadadiario.com\/index.php\/wp-json\/wp\/v2\/comments?post=18269"}],"version-history":[{"count":1,"href":"https:\/\/www.actualidadadiario.com\/index.php\/wp-json\/wp\/v2\/posts\/18269\/revisions"}],"predecessor-version":[{"id":18271,"href":"https:\/\/www.actualidadadiario.com\/index.php\/wp-json\/wp\/v2\/posts\/18269\/revisions\/18271"}],"wp:featuredmedia":[{"embeddable":true,"href":"https:\/\/www.actualidadadiario.com\/index.php\/wp-json\/wp\/v2\/media\/18270"}],"wp:attachment":[{"href":"https:\/\/www.actualidadadiario.com\/index.php\/wp-json\/wp\/v2\/media?parent=18269"}],"wp:term":[{"taxonomy":"category","embeddable":true,"href":"https:\/\/www.actualidadadiario.com\/index.php\/wp-json\/wp\/v2\/categories?post=18269"},{"taxonomy":"post_tag","embeddable":true,"href":"https:\/\/www.actualidadadiario.com\/index.php\/wp-json\/wp\/v2\/tags?post=18269"}],"curies":[{"name":"wp","href":"https:\/\/api.w.org\/{rel}","templated":true}]}}