{"id":18239,"date":"2017-10-03T10:13:29","date_gmt":"2017-10-03T13:13:29","guid":{"rendered":"http:\/\/actualidadadiario.com\/site\/?p=18239"},"modified":"2017-10-03T10:13:29","modified_gmt":"2017-10-03T13:13:29","slug":"macri-prepara-un-encuentro-con-todos-los-gobernadores-despues-de-las-elecciones","status":"publish","type":"post","link":"https:\/\/www.actualidadadiario.com\/index.php\/2017\/10\/03\/macri-prepara-un-encuentro-con-todos-los-gobernadores-despues-de-las-elecciones\/","title":{"rendered":"Macri prepara un encuentro con todos los gobernadores despu\u00e9s de las elecciones"},"content":{"rendered":"<p><em><strong>Citar\u00e1 a los mandatarios provinciales a Olivos. Reforma Fiscal y Tributaria, Fondo del Conurbano y nueva Coparticipaci\u00f3n, al tope de la agenda<\/strong><\/em><\/p>\n<p>&nbsp;<\/p>\n<p>&nbsp;<\/p>\n<p>&nbsp;<\/p>\n<p>Mientras en Casa Rosada sigue adelante con el calendario de inauguraciones y anuncios de cara a las elecciones del pr\u00f3ximo 22 de octubre, desde los despachos del Ministerio del Interior comenzaron a cursar las invitaciones para un nuevo encuentro entre el presidente Mauricio Macri, el ministro Rogelio Frigerio, y los 24 gobernadores para despu\u00e9s de los comicios.<\/p>\n<p>&nbsp;<\/p>\n<p>El propio Frigerio dijo ayer en R\u00edo Negro, luego de reunirse con el gobernador Weretilneck, y de almorzar con candidatos de Cambiemos en la provincia que el encuentro va a ser &#8220;despu\u00e9s de las elecciones&#8221; y que ese fue &#8220;el pedido que me realiz\u00f3 el Presidente&#8221;.<\/p>\n<p>&nbsp;<\/p>\n<p>Fuentes de Interior confiaron a El Cronista que &#8220;a\u00fan no hay fecha&#8221; para el encuentro y que &#8220;se est\u00e1 trabajando en la agenda del encuentro&#8221;. Por su parte, el titular de la cartera hab\u00eda adelantado que el encuentro servir\u00eda para &#8220;definir las prioridades, que no tiene que ver solo con inversi\u00f3n en infraestructura que es una parte pero no es todo&#8221;.<\/p>\n<p>&nbsp;<\/p>\n<p>Aunque los gobernadores a\u00fan no tienen un detalle del temario a abordar, nadie duda de que hay un grupo de temas centrales. La ley de Presupuesto 2018 concentra gran parte de la atenci\u00f3n, pero tambi\u00e9n figura la demanda bonaerense en la Corte Suprema y la respuesta de las dem\u00e1s provincias por el reparto del Fondo del Conurbano.<\/p>\n<p>&nbsp;<\/p>\n<p>&#8220;Estamos pendientes porque sabemos que est\u00e1n preparando la convocatoria, pero a\u00fan no adelantaron el temario, aunque suponemos que tiene que ver con el Fondo, el Presupuesto, y las reformas econ\u00f3micas en las que est\u00e1n trabajando&#8221;, explicaron desde una provincia norte\u00f1a con buena sinton\u00eda con la Casa Rosada.<\/p>\n<p>&nbsp;<\/p>\n<p>Desde la administraci\u00f3n nacional adelantaron a este diario que el temario ser\u00e1 amplio y se buscar\u00e1 la continuidad de varios temas ya planteados en otros encuentros.<\/p>\n<p>&nbsp;<\/p>\n<p>&#8220;No hay una reuni\u00f3n de este tipo con Macri desde diciembre de 2016. El temario incluye la discusi\u00f3n por el conurbano, pero en especial hay tres ejes que se vienen trabajando desde hace rato que son la reforma fiscal, la reforma tributaria y nueva ley de coparticipaci\u00f3n&#8221;, agregaron desde el oficialismo nacional.<\/p>\n<p>&nbsp;<\/p>\n<p>En las provincias m\u00e1s distanciadas de Cambiemos entienden que parte de la decisi\u00f3n de Macri de avanzar en este encuentro pos elecciones es que desde Presidencia &#8220;est\u00e1n descontando un triunfo&#8221; en los comicios de medio t\u00e9rmino y que se apoyar\u00e1n en eso para &#8220;presionar&#8221; en algunos temas pendientes.<\/p>\n<p>&nbsp;<\/p>\n<p>Por el contrario, en las administraciones m\u00e1s cercanas al macrismo &#8220;valoran&#8221; que el Presidente los llame a un encuentro &#8220;para discutir transformaciones de fondo&#8221; y esperan un &#8220;di\u00e1logo abierto&#8221; de cara a los temas a resolver.<\/p>\n<p>&nbsp;<\/p>\n<p>Aunque existen gobernadores m\u00e1s confiados y otros m\u00e1s desconfiados de las intenciones del Gobierno, a nadie se le escapa la posibilidad de que la Corte Suprema resuelva para esa misma fecha la demanda de la provincia de Buenos Aires por el Fondo del Conurbano, demanda que Casa Rosada apoy\u00f3 y que, salvo la Ciudad de Buenos Aires y la demandante, el resto de los distritos rechaz\u00f3 de plano.<\/p>\n<p>&nbsp;<\/p>\n<p>Esta situaci\u00f3n significar\u00eda un golpe para las arcas provinciales si se define que los $ 50.000 millones que reclama Vidal salgan del reparto actual.<\/p>\n<p>&nbsp;<\/p>\n<p>Por otra parte, los gobernadores ya tienen en su escritorio un trabajo de la consultora Econom\u00eda &amp; Regiones, que se\u00f1ala que el 26% de los fondos estipulado en el Presupuesto 2018 para obra p\u00fablica estar\u00e1n destinados a la provincia de Buenos Aires.<\/p>\n","protected":false},"excerpt":{"rendered":"<p>Citar\u00e1 a los mandatarios provinciales a Olivos. Reforma Fiscal y Tributaria, Fondo del Conurbano y nueva Coparticipaci\u00f3n, al tope de la agenda &nbsp; &nbsp; &nbsp; Mientras en Casa Rosada sigue adelante con el calendario de inauguraciones y anuncios de cara a las elecciones del pr\u00f3ximo 22 de octubre, desde los despachos del Ministerio del Interior comenzaron a cursar las invitaciones para un nuevo encuentro entre el presidente Mauricio Macri, el ministro Rogelio Frigerio, y los 24 gobernadores para despu\u00e9s de los comicios. &nbsp; El propio Frigerio dijo ayer en R\u00edo&#8230;<\/p>\n","protected":false},"author":3,"featured_media":18240,"comment_status":"closed","ping_status":"closed","sticky":false,"template":"","format":"standard","meta":[],"categories":[18],"tags":[],"_links":{"self":[{"href":"https:\/\/www.actualidadadiario.com\/index.php\/wp-json\/wp\/v2\/posts\/18239"}],"collection":[{"href":"https:\/\/www.actualidadadiario.com\/index.php\/wp-json\/wp\/v2\/posts"}],"about":[{"href":"https:\/\/www.actualidadadiario.com\/index.php\/wp-json\/wp\/v2\/types\/post"}],"author":[{"embeddable":true,"href":"https:\/\/www.actualidadadiario.com\/index.php\/wp-json\/wp\/v2\/users\/3"}],"replies":[{"embeddable":true,"href":"https:\/\/www.actualidadadiario.com\/index.php\/wp-json\/wp\/v2\/comments?post=18239"}],"version-history":[{"count":1,"href":"https:\/\/www.actualidadadiario.com\/index.php\/wp-json\/wp\/v2\/posts\/18239\/revisions"}],"predecessor-version":[{"id":18241,"href":"https:\/\/www.actualidadadiario.com\/index.php\/wp-json\/wp\/v2\/posts\/18239\/revisions\/18241"}],"wp:featuredmedia":[{"embeddable":true,"href":"https:\/\/www.actualidadadiario.com\/index.php\/wp-json\/wp\/v2\/media\/18240"}],"wp:attachment":[{"href":"https:\/\/www.actualidadadiario.com\/index.php\/wp-json\/wp\/v2\/media?parent=18239"}],"wp:term":[{"taxonomy":"category","embeddable":true,"href":"https:\/\/www.actualidadadiario.com\/index.php\/wp-json\/wp\/v2\/categories?post=18239"},{"taxonomy":"post_tag","embeddable":true,"href":"https:\/\/www.actualidadadiario.com\/index.php\/wp-json\/wp\/v2\/tags?post=18239"}],"curies":[{"name":"wp","href":"https:\/\/api.w.org\/{rel}","templated":true}]}}