{"id":18236,"date":"2017-10-03T10:12:32","date_gmt":"2017-10-03T13:12:32","guid":{"rendered":"http:\/\/actualidadadiario.com\/site\/?p=18236"},"modified":"2017-10-03T10:12:32","modified_gmt":"2017-10-03T13:12:32","slug":"santa-fe-amenaza-con-volver-a-la-corte-suprema-para-cobrar","status":"publish","type":"post","link":"https:\/\/www.actualidadadiario.com\/index.php\/2017\/10\/03\/santa-fe-amenaza-con-volver-a-la-corte-suprema-para-cobrar\/","title":{"rendered":"Santa Fe amenaza con volver a la Corte Suprema para cobrar"},"content":{"rendered":"<p><em><strong>El gobernador de Santa Fe, Miguel Lifschitz, reiter\u00f3 el pedido al Gobierno nacional para que cumpla con el pago de la deuda con la provincia por los $ 50.000 millones de fondos coparticipables descontados, al advertir que de lo contrario recurrir\u00e1 a la Corte Suprema de Justicia<\/strong><\/em><\/p>\n<p>&nbsp;<\/p>\n<p>&nbsp;<\/p>\n<p>&nbsp;<\/p>\n<p>&nbsp;<\/p>\n<p>&#8220;Si no hay un acuerdo en el corto plazo con la Naci\u00f3n, no queda otra alternativa que recurrir a la Corte Suprema de Justicia de la Naci\u00f3n&#8221;, asever\u00f3.<\/p>\n<p>&nbsp;<\/p>\n<p>El mandatario provincial se quej\u00f3 porque &#8220;el Gobierno nacional siempre dice que va a haber un acuerdo pr\u00f3ximo, pero eso nunca se concreta y no llegan las propuestas. Para llegar a un acuerdo tiene que haber reuniones, propuestas, hasta llegar a un marco de coincidencias. Pero mientras eso no se d\u00e9 es s\u00f3lo una expresi\u00f3n de deseo, una forma de patear la pelota para adelante&#8221;, advirti\u00f3, en declaraciones a LT8 de Rosario.<\/p>\n<p>&nbsp;<\/p>\n<p>Lifschitz tambi\u00e9n sostuvo que si la negociaci\u00f3n pol\u00edtica no avanza, &#8220;evidentemente no queda otra alternativa que recurrir nuevamente a la Corte para que disponga los plazos&#8221;.<\/p>\n<p>&nbsp;<\/p>\n<p>A la vez, plante\u00f3 que la provincia no pide que se pague la deuda al contado, &#8220;porque sabemos que eso es inviable. Hemos propuesto un mecanismo muy accesible para el Gobierno. En c\u00f3modas cuotas, durante dos a\u00f1os, una parte en efectivo y otra en t\u00edtulos de la deuda. Lamentablemente hasta el momento no tenemos una respuesta, ni positiva ni negativa&#8221;.<\/p>\n<p>&nbsp;<\/p>\n<p>Lifschitz se\u00f1al\u00f3 que, &#8220;m\u00e1s all\u00e1 del di\u00e1logo, que respetamos y valoramos, y la cordialidad, hacen faltan respuestas concretas. Estamos dispuestos a analizar alternativas, somos flexibles a una soluci\u00f3n que no ponga en riesgo las finanzas del Estado nacional y que permita una soluci\u00f3n para los santafesinos&#8221;.<\/p>\n","protected":false},"excerpt":{"rendered":"<p>El gobernador de Santa Fe, Miguel Lifschitz, reiter\u00f3 el pedido al Gobierno nacional para que cumpla con el pago de la deuda con la provincia por los $ 50.000 millones de fondos coparticipables descontados, al advertir que de lo contrario recurrir\u00e1 a la Corte Suprema de Justicia &nbsp; &nbsp; &nbsp; &nbsp; &#8220;Si no hay un acuerdo en el corto plazo con la Naci\u00f3n, no queda otra alternativa que recurrir a la Corte Suprema de Justicia de la Naci\u00f3n&#8221;, asever\u00f3. &nbsp; El mandatario provincial se quej\u00f3 porque &#8220;el Gobierno nacional siempre&#8230;<\/p>\n","protected":false},"author":3,"featured_media":18237,"comment_status":"closed","ping_status":"closed","sticky":false,"template":"","format":"standard","meta":[],"categories":[18],"tags":[],"_links":{"self":[{"href":"https:\/\/www.actualidadadiario.com\/index.php\/wp-json\/wp\/v2\/posts\/18236"}],"collection":[{"href":"https:\/\/www.actualidadadiario.com\/index.php\/wp-json\/wp\/v2\/posts"}],"about":[{"href":"https:\/\/www.actualidadadiario.com\/index.php\/wp-json\/wp\/v2\/types\/post"}],"author":[{"embeddable":true,"href":"https:\/\/www.actualidadadiario.com\/index.php\/wp-json\/wp\/v2\/users\/3"}],"replies":[{"embeddable":true,"href":"https:\/\/www.actualidadadiario.com\/index.php\/wp-json\/wp\/v2\/comments?post=18236"}],"version-history":[{"count":1,"href":"https:\/\/www.actualidadadiario.com\/index.php\/wp-json\/wp\/v2\/posts\/18236\/revisions"}],"predecessor-version":[{"id":18238,"href":"https:\/\/www.actualidadadiario.com\/index.php\/wp-json\/wp\/v2\/posts\/18236\/revisions\/18238"}],"wp:featuredmedia":[{"embeddable":true,"href":"https:\/\/www.actualidadadiario.com\/index.php\/wp-json\/wp\/v2\/media\/18237"}],"wp:attachment":[{"href":"https:\/\/www.actualidadadiario.com\/index.php\/wp-json\/wp\/v2\/media?parent=18236"}],"wp:term":[{"taxonomy":"category","embeddable":true,"href":"https:\/\/www.actualidadadiario.com\/index.php\/wp-json\/wp\/v2\/categories?post=18236"},{"taxonomy":"post_tag","embeddable":true,"href":"https:\/\/www.actualidadadiario.com\/index.php\/wp-json\/wp\/v2\/tags?post=18236"}],"curies":[{"name":"wp","href":"https:\/\/api.w.org\/{rel}","templated":true}]}}