{"id":18233,"date":"2017-10-03T10:11:39","date_gmt":"2017-10-03T13:11:39","guid":{"rendered":"http:\/\/actualidadadiario.com\/site\/?p=18233"},"modified":"2017-10-03T10:11:39","modified_gmt":"2017-10-03T13:11:39","slug":"corrientes-ex-aliado-de-colombi-pide-votar-a-espinola-el-domingo","status":"publish","type":"post","link":"https:\/\/www.actualidadadiario.com\/index.php\/2017\/10\/03\/corrientes-ex-aliado-de-colombi-pide-votar-a-espinola-el-domingo\/","title":{"rendered":"Corrientes: ex aliado de Colombi pide votar a Esp\u00ednola el domingo"},"content":{"rendered":"<p><em><strong>A s\u00f3lo cinco d\u00edas de las elecciones a gobernador en Corrientes, la alianza ECO-Cambiemos perdi\u00f3 el apoyo de un tradicional partido aliado, que llam\u00f3 ayer a cortar boleta en respaldo a la candidatura del peronista Carlos &#8220;Camau&#8221; Esp\u00ednola para la gobernaci\u00f3n. Se trata del Partido Nuevo, presidido por el ex gobernador Ra\u00fal &#8220;Tato&#8221; Romero Feris, que pidi\u00f3 p\u00fablicamente a sus dirigentes y simpatizantes que voten por Esp\u00ednola, tras considerar que los integrantes de la fuerza fueron &#8220;enga\u00f1ados&#8221; por el actual mandatario radical, Ricardo Colombi<\/strong><\/em><\/p>\n<p>&nbsp;<\/p>\n<p>&nbsp;<\/p>\n<p>&nbsp;<\/p>\n<p>&nbsp;<\/p>\n<p>El pedido de corte de boleta implica que la lista 90 del Partido Nuevo sea utilizada sin la candidatura a gobernador del radical Gustavo Vald\u00e9s, postulante designado por Colombi para competir el domingo pr\u00f3ximo contra el peronista Esp\u00ednola. La decisi\u00f3n de instigar el corte de boleta contra ECO-Cambiemos fue informada por la senadora provincial Nora Nazar, esposa de Romero Feris, en un esc\u00e1ndalo que sacude al oficialismo provincial a menos de una semana para las elecciones.<\/p>\n<p>&nbsp;<\/p>\n<p>&#8220;Tenemos que hacer nuestro el sentimiento de esta decisi\u00f3n que tomamos con &#8220;Tato&#8221; Romero Feris y que es votar por Camau-Magno, aunque respeto a los que no est\u00e1n de acuerdo&#8221;, se\u00f1al\u00f3 Nazar en declaraciones a la prensa. &#8220;Tenemos que ser la fuerza que podamos acompa\u00f1ar a que todo cambie en esta provincia&#8221;, agreg\u00f3 Nazar en relaci\u00f3n a la f\u00f3rmula que Esp\u00ednola encabeza con Eugenio &#8220;Nito&#8221; Artaza para vicegobernador provincial<\/p>\n<p>&nbsp;<\/p>\n<p>De esta manera, la esposa de Romero Feris pidi\u00f3 apoyar la postulaci\u00f3n de Esp\u00ednola y de su propio candidato a diputado, Magno Ram\u00edrez, a quien el Partido Nuevo incorpor\u00f3 en la lista de ECO-Cambiemos para la Legislatura provincial. Es decir, el partido pretende que la gente vote con la lista 90 en ECO-Cambiemos s\u00f3lo en la parte de diputados provinciales, donde tiene un candidato propio, y que corte boleta para gobernador y senadores provinciales, optando en ese tramo por el frente peronista Corrientes Podemos M\u00e1s, que lidera &#8220;Camau&#8221;.<\/p>\n<p>&nbsp;<\/p>\n<p>Nazar argument\u00f3 que esta decisi\u00f3n de cortar boletas est\u00e1 sustentada &#8220;en el atropello que Ricardo Colombi comete en la Justicia provincial&#8221;, que mantiene detenido a Romero Feris en su casa de la capital provincial por diversos delitos administrativos cometidos durante su gesti\u00f3n gubernamental entre 1993 y 1997.<\/p>\n<p>&nbsp;<\/p>\n<p>&#8220;La libertad de Tato Romero Feris depende del gobernador Colombi, porque la Justicia depende de Colombi. Es la tercera vez que los compromisos con ECO-Cambiemos est\u00e1n supeditados a la libertad de Tato&#8221;, explic\u00f3 Nazar. &#8220;A estas elecciones las tenemos que ganar con sangre y con ganas&#8221; porque &#8220;esto es una mugre&#8221;, a\u00f1adi\u00f3 la mujer del ex mandatario provincial.<\/p>\n<p>&nbsp;<\/p>\n<p>M\u00e1s de 800.000 correntinos est\u00e1n habilitados para votar el domingo para renovar la gobernaci\u00f3n de la provincia, que est\u00e1 en manos del radicalismo desde 2001, con sucesivos mandatos de los primos Arturo y Ricardo Colombi.<\/p>\n","protected":false},"excerpt":{"rendered":"<p>A s\u00f3lo cinco d\u00edas de las elecciones a gobernador en Corrientes, la alianza ECO-Cambiemos perdi\u00f3 el apoyo de un tradicional partido aliado, que llam\u00f3 ayer a cortar boleta en respaldo a la candidatura del peronista Carlos &#8220;Camau&#8221; Esp\u00ednola para la gobernaci\u00f3n. Se trata del Partido Nuevo, presidido por el ex gobernador Ra\u00fal &#8220;Tato&#8221; Romero Feris, que pidi\u00f3 p\u00fablicamente a sus dirigentes y simpatizantes que voten por Esp\u00ednola, tras considerar que los integrantes de la fuerza fueron &#8220;enga\u00f1ados&#8221; por el actual mandatario radical, Ricardo Colombi &nbsp; &nbsp; &nbsp; &nbsp; El pedido&#8230;<\/p>\n","protected":false},"author":3,"featured_media":18234,"comment_status":"closed","ping_status":"closed","sticky":false,"template":"","format":"standard","meta":[],"categories":[18],"tags":[],"_links":{"self":[{"href":"https:\/\/www.actualidadadiario.com\/index.php\/wp-json\/wp\/v2\/posts\/18233"}],"collection":[{"href":"https:\/\/www.actualidadadiario.com\/index.php\/wp-json\/wp\/v2\/posts"}],"about":[{"href":"https:\/\/www.actualidadadiario.com\/index.php\/wp-json\/wp\/v2\/types\/post"}],"author":[{"embeddable":true,"href":"https:\/\/www.actualidadadiario.com\/index.php\/wp-json\/wp\/v2\/users\/3"}],"replies":[{"embeddable":true,"href":"https:\/\/www.actualidadadiario.com\/index.php\/wp-json\/wp\/v2\/comments?post=18233"}],"version-history":[{"count":1,"href":"https:\/\/www.actualidadadiario.com\/index.php\/wp-json\/wp\/v2\/posts\/18233\/revisions"}],"predecessor-version":[{"id":18235,"href":"https:\/\/www.actualidadadiario.com\/index.php\/wp-json\/wp\/v2\/posts\/18233\/revisions\/18235"}],"wp:featuredmedia":[{"embeddable":true,"href":"https:\/\/www.actualidadadiario.com\/index.php\/wp-json\/wp\/v2\/media\/18234"}],"wp:attachment":[{"href":"https:\/\/www.actualidadadiario.com\/index.php\/wp-json\/wp\/v2\/media?parent=18233"}],"wp:term":[{"taxonomy":"category","embeddable":true,"href":"https:\/\/www.actualidadadiario.com\/index.php\/wp-json\/wp\/v2\/categories?post=18233"},{"taxonomy":"post_tag","embeddable":true,"href":"https:\/\/www.actualidadadiario.com\/index.php\/wp-json\/wp\/v2\/tags?post=18233"}],"curies":[{"name":"wp","href":"https:\/\/api.w.org\/{rel}","templated":true}]}}