{"id":18226,"date":"2017-10-03T10:09:44","date_gmt":"2017-10-03T13:09:44","guid":{"rendered":"http:\/\/actualidadadiario.com\/site\/?p=18226"},"modified":"2017-10-03T10:10:10","modified_gmt":"2017-10-03T13:10:10","slug":"el-gobierno-enviara-al-congreso-el-proyecto-de-regimen-penal-juvenil-tras-las-elecciones","status":"publish","type":"post","link":"https:\/\/www.actualidadadiario.com\/index.php\/2017\/10\/03\/el-gobierno-enviara-al-congreso-el-proyecto-de-regimen-penal-juvenil-tras-las-elecciones\/","title":{"rendered":"El Gobierno enviar\u00e1 al Congreso el proyecto de r\u00e9gimen penal juvenil tras las elecciones"},"content":{"rendered":"<p><em><strong>El ministro de Justicia y Derechos Humanos, Germ\u00e1n Garavano, anticip\u00f3 que el Gobierno enviar\u00e1 al Congreso un proyecto de r\u00e9gimen penal juvenil, despu\u00e9s de las elecciones legislativas del 22 de octubre, con el prop\u00f3sito de &#8220;mejorar la situaci\u00f3n de los j\u00f3venes en conflicto con la ley penal&#8221;<\/strong><\/em><\/p>\n<p>&nbsp;<\/p>\n<p>&nbsp;<\/p>\n<p>&nbsp;<\/p>\n<p>&nbsp;<\/p>\n<p>&#8220;Hay un proyecto que seguramente despu\u00e9s de las elecciones sea enviado al Congreso&#8221;, adelant\u00f3 Garavano en una conferencia de prensa que realiz\u00f3 luego del acto de entrega de 20 millones de pesos por parte del gobierno nacional al Ministerio de Desarrollo Social bonaerense, destinado a los institutos de menores provinciales.<\/p>\n<p>&nbsp;<\/p>\n<p>Garavano adujo que la iniciativa &#8220;forma parte del proceso que tiene que ver con mejorar la situaci\u00f3n de j\u00f3venes en conflicto con la ley penal&#8221;, y a\u00f1adi\u00f3 que &#8220;nosotros siempre pensamos en un abordaje integral&#8221;.<\/p>\n<p>&nbsp;<\/p>\n<p>&#8220;No se trata solamente de un tema de edad, sino de tener una ley que permita un abordaje integral de j\u00f3venes en conflicto con la ley penal&#8221;, remarc\u00f3.<\/p>\n<p>&nbsp;<\/p>\n<p>Dijo adem\u00e1s que en la elaboraci\u00f3n del proyecto &#8220;estamos coordinando con (los ministerios de) Desarrollo Social y con Seguridad, y esperamos poder tambi\u00e9n abrir luego con el resto de las jurisdicciones&#8221;.<\/p>\n<p>&nbsp;<\/p>\n<p>&#8220;En esto la provincia de Buenos Aires es uno de los actores m\u00e1s importantes, porque es una de las jurisdicciones que tiene una de la problem\u00e1ticas m\u00e1s cr\u00edtica en esta materia&#8221;, asever\u00f3, y evalu\u00f3 que, en este sentido, &#8220;la opini\u00f3n de la provincia de Buenos Aires va a ser clave para esta ley nacional&#8221;.<\/p>\n<p>&nbsp;<\/p>\n<p>En esta l\u00ednea, el ministro de Desarrollo Social bonaerense, Santiago L\u00f3pez Medrano, asegur\u00f3 que &#8220;la provincia tiene un r\u00e9gimen penal juvenil que sigue los lineamientos de la Convenci\u00f3n de los Derechos del Ni\u00f1o y que da todas las garant\u00edas&#8221;.<\/p>\n<p>&nbsp;<\/p>\n<p>&#8220;Nosotros tenemos el programa Autonom\u00eda Joven en el que trabajamos el \u00faltimo a\u00f1o de la condena para que esos chicos, cuando salen del r\u00e9gimen penal juvenil, tengan la posibilidad de insertarse y no vuelvan al sistema adulto en pocos meses, como sol\u00eda pasar&#8221;, destac\u00f3.<\/p>\n<p>&nbsp;<\/p>\n<p>Garavano y L\u00f3pez Medrano firmaron un convenio con el fin de garantizar &#8220;el estricto respeto de los derechos humanos de los ni\u00f1os y adolescentes en conflicto con la ley penal&#8221;.<\/p>\n<p>&nbsp;<\/p>\n<p>Garavano se comprometi\u00f3 a erogar 20 millones de pesos para financiar las obras que se ejecutar\u00e1n a trav\u00e9s del Organismo Provincial de la Ni\u00f1ez y Adolescencia, que tiene a su cargo los centros de alojamiento de j\u00f3venes en conflicto con la ley penal juvenil en territorio bonaerense.<\/p>\n","protected":false},"excerpt":{"rendered":"<p>El ministro de Justicia y Derechos Humanos, Germ\u00e1n Garavano, anticip\u00f3 que el Gobierno enviar\u00e1 al Congreso un proyecto de r\u00e9gimen penal juvenil, despu\u00e9s de las elecciones legislativas del 22 de octubre, con el prop\u00f3sito de &#8220;mejorar la situaci\u00f3n de los j\u00f3venes en conflicto con la ley penal&#8221; &nbsp; &nbsp; &nbsp; &nbsp; &#8220;Hay un proyecto que seguramente despu\u00e9s de las elecciones sea enviado al Congreso&#8221;, adelant\u00f3 Garavano en una conferencia de prensa que realiz\u00f3 luego del acto de entrega de 20 millones de pesos por parte del gobierno nacional al Ministerio&#8230;<\/p>\n","protected":false},"author":3,"featured_media":18227,"comment_status":"closed","ping_status":"closed","sticky":false,"template":"","format":"standard","meta":[],"categories":[18],"tags":[],"_links":{"self":[{"href":"https:\/\/www.actualidadadiario.com\/index.php\/wp-json\/wp\/v2\/posts\/18226"}],"collection":[{"href":"https:\/\/www.actualidadadiario.com\/index.php\/wp-json\/wp\/v2\/posts"}],"about":[{"href":"https:\/\/www.actualidadadiario.com\/index.php\/wp-json\/wp\/v2\/types\/post"}],"author":[{"embeddable":true,"href":"https:\/\/www.actualidadadiario.com\/index.php\/wp-json\/wp\/v2\/users\/3"}],"replies":[{"embeddable":true,"href":"https:\/\/www.actualidadadiario.com\/index.php\/wp-json\/wp\/v2\/comments?post=18226"}],"version-history":[{"count":2,"href":"https:\/\/www.actualidadadiario.com\/index.php\/wp-json\/wp\/v2\/posts\/18226\/revisions"}],"predecessor-version":[{"id":18229,"href":"https:\/\/www.actualidadadiario.com\/index.php\/wp-json\/wp\/v2\/posts\/18226\/revisions\/18229"}],"wp:featuredmedia":[{"embeddable":true,"href":"https:\/\/www.actualidadadiario.com\/index.php\/wp-json\/wp\/v2\/media\/18227"}],"wp:attachment":[{"href":"https:\/\/www.actualidadadiario.com\/index.php\/wp-json\/wp\/v2\/media?parent=18226"}],"wp:term":[{"taxonomy":"category","embeddable":true,"href":"https:\/\/www.actualidadadiario.com\/index.php\/wp-json\/wp\/v2\/categories?post=18226"},{"taxonomy":"post_tag","embeddable":true,"href":"https:\/\/www.actualidadadiario.com\/index.php\/wp-json\/wp\/v2\/tags?post=18226"}],"curies":[{"name":"wp","href":"https:\/\/api.w.org\/{rel}","templated":true}]}}