{"id":18215,"date":"2017-10-03T10:06:43","date_gmt":"2017-10-03T13:06:43","guid":{"rendered":"http:\/\/actualidadadiario.com\/site\/?p=18215"},"modified":"2017-10-03T10:06:43","modified_gmt":"2017-10-03T13:06:43","slug":"productores-venderan-verduras-en-la-plaza-de-mayo-sin-intermediarios","status":"publish","type":"post","link":"https:\/\/www.actualidadadiario.com\/index.php\/2017\/10\/03\/productores-venderan-verduras-en-la-plaza-de-mayo-sin-intermediarios\/","title":{"rendered":"Productores vender\u00e1n verduras en la Plaza de Mayo sin intermediarios"},"content":{"rendered":"<p><em><strong>Pasado el mediod\u00eda, productores agrupados en la Uni\u00f3n de Trabajadores de la Tierra (UTT), har\u00e1n una feria en la Plaza de Mayo para vender verduras directamente al consumidor y al valor que reciben por ella cuando sale de la quinta. La medida busca alertar al Gobierno sobre la situaci\u00f3n de los agricultores familiares por los cambios en la \u0091pol\u00edtica hacia el sector y la apertura de las importaciones<\/strong><\/em><\/p>\n<p>&nbsp;<\/p>\n<p>&nbsp;<\/p>\n<p>&nbsp;<\/p>\n<p>&nbsp;<\/p>\n<p>El &#8220;feriazo&#8221;, tal cual el nombre que le pusieron los organizadores es una movida a nivel nacional dado que tambi\u00e9n se har\u00e1 en otras ciudades como Jujuy, Santa Fe, Salta, Tucum\u00e1n, Santiago del Estero, entre otras.<\/p>\n<p>&nbsp;<\/p>\n<p>&#8220;Vamos a ofrecer m\u00e1s de 20.000 kilos de verduras a un valor simb\u00f3lico de $10, que es lo que en promedio recibimos por nuestro producto en la puerta de la quinta&#8221;, relat\u00f3 Nahuel Levaggi integrante de la UTT.<\/p>\n<p>&nbsp;<\/p>\n<p>Para Levaggi hay una preocupaci\u00f3n entre los productores por la falta de continuidad de las pol\u00edticas como son: la baja de la secretaria de la agricultura familiar, la inscripci\u00f3n al monotributo social que est\u00e1 parado hace cuatro meses y los cambios en el programa Cambio Rural, por el cual se present\u00f3 una denuncia ante el Inadi porque ahora para acceder al mismo se debe &#8220;ser nacido&#8221; en la Argentina.<\/p>\n<p>&nbsp;<\/p>\n<p>&#8220;Tras haber hablado con el secretario Santiago Hardie, a la fecha no hubo modificaci\u00f3n en el programa. Tenemos la promesa para que se cambie la cl\u00e1usula a trav\u00e9s de una resoluci\u00f3n, pero a\u00fan no se cumpli\u00f3&#8221;, afirm\u00f3 Levaggi.<\/p>\n<p>&nbsp;<\/p>\n<p>Al respecto, el secretario Hardie sostuvo que &#8220;el cambio se va a realizar y que el mismo pasa por un proceso administrativo que se har\u00e1 efectivo en los pr\u00f3ximos d\u00edas&#8221;, adem\u00e1s descart\u00f3 &#8220;que haya una demora en el monotributo social. Lo que hay es un reempradonamiento para poder tener datos reales del sector&#8221;.<\/p>\n","protected":false},"excerpt":{"rendered":"<p>Pasado el mediod\u00eda, productores agrupados en la Uni\u00f3n de Trabajadores de la Tierra (UTT), har\u00e1n una feria en la Plaza de Mayo para vender verduras directamente al consumidor y al valor que reciben por ella cuando sale de la quinta. La medida busca alertar al Gobierno sobre la situaci\u00f3n de los agricultores familiares por los cambios en la \u0091pol\u00edtica hacia el sector y la apertura de las importaciones &nbsp; &nbsp; &nbsp; &nbsp; El &#8220;feriazo&#8221;, tal cual el nombre que le pusieron los organizadores es una movida a nivel nacional dado&#8230;<\/p>\n","protected":false},"author":3,"featured_media":18216,"comment_status":"closed","ping_status":"closed","sticky":false,"template":"","format":"standard","meta":[],"categories":[2],"tags":[],"_links":{"self":[{"href":"https:\/\/www.actualidadadiario.com\/index.php\/wp-json\/wp\/v2\/posts\/18215"}],"collection":[{"href":"https:\/\/www.actualidadadiario.com\/index.php\/wp-json\/wp\/v2\/posts"}],"about":[{"href":"https:\/\/www.actualidadadiario.com\/index.php\/wp-json\/wp\/v2\/types\/post"}],"author":[{"embeddable":true,"href":"https:\/\/www.actualidadadiario.com\/index.php\/wp-json\/wp\/v2\/users\/3"}],"replies":[{"embeddable":true,"href":"https:\/\/www.actualidadadiario.com\/index.php\/wp-json\/wp\/v2\/comments?post=18215"}],"version-history":[{"count":1,"href":"https:\/\/www.actualidadadiario.com\/index.php\/wp-json\/wp\/v2\/posts\/18215\/revisions"}],"predecessor-version":[{"id":18217,"href":"https:\/\/www.actualidadadiario.com\/index.php\/wp-json\/wp\/v2\/posts\/18215\/revisions\/18217"}],"wp:featuredmedia":[{"embeddable":true,"href":"https:\/\/www.actualidadadiario.com\/index.php\/wp-json\/wp\/v2\/media\/18216"}],"wp:attachment":[{"href":"https:\/\/www.actualidadadiario.com\/index.php\/wp-json\/wp\/v2\/media?parent=18215"}],"wp:term":[{"taxonomy":"category","embeddable":true,"href":"https:\/\/www.actualidadadiario.com\/index.php\/wp-json\/wp\/v2\/categories?post=18215"},{"taxonomy":"post_tag","embeddable":true,"href":"https:\/\/www.actualidadadiario.com\/index.php\/wp-json\/wp\/v2\/tags?post=18215"}],"curies":[{"name":"wp","href":"https:\/\/api.w.org\/{rel}","templated":true}]}}