{"id":18212,"date":"2017-10-03T10:05:58","date_gmt":"2017-10-03T13:05:58","guid":{"rendered":"http:\/\/actualidadadiario.com\/site\/?p=18212"},"modified":"2017-10-03T10:05:58","modified_gmt":"2017-10-03T13:05:58","slug":"en-lo-que-va-del-ano-las-importaciones-de-cueros-crecieron-mas-del-40-por-ciento","status":"publish","type":"post","link":"https:\/\/www.actualidadadiario.com\/index.php\/2017\/10\/03\/en-lo-que-va-del-ano-las-importaciones-de-cueros-crecieron-mas-del-40-por-ciento\/","title":{"rendered":"En lo que va del a\u00f1o, las importaciones de cueros crecieron m\u00e1s del 40 por ciento"},"content":{"rendered":"<p><em><strong>La industria marroquinera manifest\u00f3 su preocupaci\u00f3n por el crecimiento desmesurado de importaciones en los primeros ocho meses del a\u00f1o. Auguran nuevos cierres de empresas<\/strong><\/em><\/p>\n<p>&nbsp;<\/p>\n<p>&nbsp;<\/p>\n<p>&nbsp;<\/p>\n<p>La C\u00e1mara Industrial de Manufacturas de Cuero y Afines (CIMA) manifest\u00f3 su preocupaci\u00f3n por la suba de las importaciones en los primeros ocho meses del a\u00f1o: 41,55 por ciento m\u00e1s con relaci\u00f3n al mismo periodo del a\u00f1o pasado.<\/p>\n<p>&nbsp;<\/p>\n<p>Mediante un comunicado, la C\u00e1mara precis\u00f3 que en 2017 ingresaron 27.327.506 unidades de productos de marroquiner\u00eda, contra las 19.306.009 del mismo per\u00edodo del a\u00f1o anterior; esto representa m\u00e1s de 8 millones de diferencia negativa para la industria.<\/p>\n<p>&nbsp;<\/p>\n<p>&#8220;El sector contin\u00faa con una ca\u00edda en las ventas de un promedio del 20 al 25 por ciento, con el uso de la capacidad instalada en un 65 por ciento&#8221;, puntualiz\u00f3 Ariel Aguilar, presidente de CIMA.<\/p>\n<p>&nbsp;<\/p>\n<p>En ese marco, &#8220;la suba de importaciones ha sido letal para un sector que ya perdi\u00f3 m\u00e1s de 1.400 puestos de trabajo y el cierre de m\u00e1s de 50 empresas&#8221;, agreg\u00f3 el empresario.<\/p>\n","protected":false},"excerpt":{"rendered":"<p>La industria marroquinera manifest\u00f3 su preocupaci\u00f3n por el crecimiento desmesurado de importaciones en los primeros ocho meses del a\u00f1o. Auguran nuevos cierres de empresas &nbsp; &nbsp; &nbsp; La C\u00e1mara Industrial de Manufacturas de Cuero y Afines (CIMA) manifest\u00f3 su preocupaci\u00f3n por la suba de las importaciones en los primeros ocho meses del a\u00f1o: 41,55 por ciento m\u00e1s con relaci\u00f3n al mismo periodo del a\u00f1o pasado. &nbsp; Mediante un comunicado, la C\u00e1mara precis\u00f3 que en 2017 ingresaron 27.327.506 unidades de productos de marroquiner\u00eda, contra las 19.306.009 del mismo per\u00edodo del a\u00f1o&#8230;<\/p>\n","protected":false},"author":3,"featured_media":18213,"comment_status":"closed","ping_status":"closed","sticky":false,"template":"","format":"standard","meta":[],"categories":[9,2],"tags":[],"_links":{"self":[{"href":"https:\/\/www.actualidadadiario.com\/index.php\/wp-json\/wp\/v2\/posts\/18212"}],"collection":[{"href":"https:\/\/www.actualidadadiario.com\/index.php\/wp-json\/wp\/v2\/posts"}],"about":[{"href":"https:\/\/www.actualidadadiario.com\/index.php\/wp-json\/wp\/v2\/types\/post"}],"author":[{"embeddable":true,"href":"https:\/\/www.actualidadadiario.com\/index.php\/wp-json\/wp\/v2\/users\/3"}],"replies":[{"embeddable":true,"href":"https:\/\/www.actualidadadiario.com\/index.php\/wp-json\/wp\/v2\/comments?post=18212"}],"version-history":[{"count":1,"href":"https:\/\/www.actualidadadiario.com\/index.php\/wp-json\/wp\/v2\/posts\/18212\/revisions"}],"predecessor-version":[{"id":18214,"href":"https:\/\/www.actualidadadiario.com\/index.php\/wp-json\/wp\/v2\/posts\/18212\/revisions\/18214"}],"wp:featuredmedia":[{"embeddable":true,"href":"https:\/\/www.actualidadadiario.com\/index.php\/wp-json\/wp\/v2\/media\/18213"}],"wp:attachment":[{"href":"https:\/\/www.actualidadadiario.com\/index.php\/wp-json\/wp\/v2\/media?parent=18212"}],"wp:term":[{"taxonomy":"category","embeddable":true,"href":"https:\/\/www.actualidadadiario.com\/index.php\/wp-json\/wp\/v2\/categories?post=18212"},{"taxonomy":"post_tag","embeddable":true,"href":"https:\/\/www.actualidadadiario.com\/index.php\/wp-json\/wp\/v2\/tags?post=18212"}],"curies":[{"name":"wp","href":"https:\/\/api.w.org\/{rel}","templated":true}]}}