{"id":18206,"date":"2017-10-03T10:04:05","date_gmt":"2017-10-03T13:04:05","guid":{"rendered":"http:\/\/actualidadadiario.com\/site\/?p=18206"},"modified":"2017-10-03T10:04:05","modified_gmt":"2017-10-03T13:04:05","slug":"comenzo-la-feria-de-educacion-de-entre-rios","status":"publish","type":"post","link":"https:\/\/www.actualidadadiario.com\/index.php\/2017\/10\/03\/comenzo-la-feria-de-educacion-de-entre-rios\/","title":{"rendered":"Comenz\u00f3 la Feria de Educaci\u00f3n de Entre R\u00edos"},"content":{"rendered":"<p><em><strong>En la Plaza Mansilla dio inicio este lunes, la Feria de Educaci\u00f3n de Entre R\u00edos, con la presencia de m\u00e1s de 1500 alumnos de todos los departamentos entrerrianos quienes exponen sus investigaciones junto a docentes diferentes niveles educativos. La feria continuar\u00e1 hasta el mi\u00e9rcoles<\/strong><\/em><\/p>\n<p>&nbsp;<\/p>\n<p>&nbsp;<\/p>\n<p>&nbsp;<\/p>\n<p>\u201cEstamos muy contentos de mostrar el trabajo de todos los docentes entrerrianos\u201d, afirm\u00f3 Mariel \u00c1vila, la esposa del gobernador Gustavo Bordet, en la inauguraci\u00f3n de la Feria y recorrida de las carpas instaladas en plaza Mansilla, de la capital entrerriana donde se desarrolla la exposici\u00f3n, junto al vicegobernador de la provincia, Ad\u00e1n Bahl; el intendente de Paran\u00e1, Sergio Varisco y el presidente del Consejo General de Educaci\u00f3n, Jos\u00e9 Luis Panozzo.<\/p>\n<p>&nbsp;<\/p>\n<p>Con la presencia de una gran cantidad de p\u00fablico, dio inicio la Feria de Educaci\u00f3n de Entre R\u00edos 2017 profesora Laura Patricia D\u00edaz, denominada as\u00ed en homenaje a quien fuera evaluadora y organizadora de las distintas ferias durante a\u00f1os. Este evento es organizado por la coordinaci\u00f3n de Actividades Cient\u00edficas y Tecnol\u00f3gicas, dependiente del Consejo General de Educaci\u00f3n (CGE).<\/p>\n<p>&nbsp;<\/p>\n<p>&nbsp;<\/p>\n<p><strong>Trabajo en equipo<\/strong><\/p>\n<p>Al hacer uso de la palabra el vicegobernador, Ad\u00e1n Humberto Bahl, destac\u00f3 la presencia de los m\u00e1s de mil estudiantes de toda la provincia y valor\u00f3 el trabajo que hicieron en las aulas. En ese sentido dijo: \u201cHoy ac\u00e1, adem\u00e1s de ideas, hay un mont\u00f3n de proyectos, hay hermosos trabajos que abarcan las diferentes tem\u00e1ticas de esta feria que demuestran que el trabajo en equipo, con sus compa\u00f1eros, con sus docentes\u201d.<\/p>\n<p>&nbsp;<\/p>\n<p>Adem\u00e1s el vicegobernador agreg\u00f3: \u201cVeo muchas buenas ideas en esta Feria; pero hay dos que me parece que sobresalen y que nos incluyen a todos: una es la idea de que todos, en Entre R\u00edos, podemos pensar en cosas nuevas; Y la otra es que, en equipo, podemos llegar mucho m\u00e1s lejos&#8221;.<\/p>\n<p>&nbsp;<\/p>\n<p>Para finalizar Bahl resalt\u00f3: &#8220;Felicito a las maestras, maestros y profesores; a las familias que est\u00e1n seguramente atr\u00e1s de todos ustedes, ayudando con las maquetas, con los materiales, preparando las meriendas, colaborando con los viajes&#8221; y finaliz\u00f3: &#8220;Esta feria es posible porque trabajamos juntos: los estudiantes -que son los que investigaron y crearon- las escuelas, las familias y el gobierno&#8221;.<\/p>\n<p>&nbsp;<\/p>\n<p>&nbsp;<\/p>\n<p><strong>Poder compartir y reflexionar<\/strong><\/p>\n<p>La esposa del gobernador, Mariel \u00c1vila, coment\u00f3 que &#8220;estas instancias son para los docentes, los colegas y los alumnos y permiten mostrar el trabajo de todo un a\u00f1o de investigaci\u00f3n, de trabajo en terreno, de registros. Mostrar todo lo que se hace en aula, lo valioso que hace el docente durante todo el a\u00f1o y por eso venimos a mostrarlo a nivel provincial con m\u00e1s de 1500 chicos de los 17 departamentos, y de todos los niveles educativos&#8221;.<\/p>\n<p>&nbsp;<\/p>\n<p>Y a\u00f1adi\u00f3: &#8220;Como docente siempre destaco que los chicos cuando mejor se comportan y demuestran lo mejor de s\u00ed, es fuera del aula. Es un claro ejemplo cuando salen de las ciudades, de las escuelas, a mostrar todo lo lindo y lo bueno que trabajan. De nada sirve que esto quede en el aula. Por eso esta iniciativa es para que puedan compartirlo y reflexionar con otros porque es muy positivo para los ellos&#8221;.<\/p>\n<p>&nbsp;<\/p>\n<p>Por su parte, el presidente del CGE, Jos\u00e9 Luis Panozzo, expres\u00f3 que: &#8220;la plaza Mansilla se ha vestido de fiesta hoy y una vidriera de la educaci\u00f3n p\u00fablica entrerriana donde se exponen esta Feria de Educaci\u00f3n donde hay trabajos de investigaci\u00f3n, que han pasado por instancias locales, departamentales y hoy la muestra es provincia&#8221;.<\/p>\n<p>&nbsp;<\/p>\n<p>&nbsp;<\/p>\n<p><strong>Sobre la Feria<\/strong><\/p>\n<p>La Feria de Educaci\u00f3n engloba a todos los niveles y modalidades del sistema educativo entrerriano, en ese sentido se distingue por su caracter\u00edstica inclusiva y su enorme diversidad.<\/p>\n<p>&nbsp;<\/p>\n<p>M\u00e1s de 350 proyectos que reflejan el trabajo colectivo y participativo de miles de alumnos y estudiantes de los niveles Inicial, Primario, Secundario, Superior, de la modalidad de J\u00f3venes y Adultos, inclu\u00eddo el contexto de Educaci\u00f3n en Privaci\u00f3n de la Libertad, de la modalidad de T\u00e9cnico Profesional, y de Educaci\u00f3n Domiciliaria Hospitalaria.<\/p>\n<p>&nbsp;<\/p>\n<p>Participan del mega evento de educaci\u00f3n m\u00e1s de 1500 alumnos y estudiantes de toda la provincia expondr\u00e1n proyectos sobre arte, ciencia, tecnolog\u00eda, inform\u00e1tica, comunicaci\u00f3n, g\u00e9nero, literatura, ambiente, deportes, entre otros temas.<\/p>\n<p>&nbsp;<\/p>\n<p>La propuesta busca impulsar el intercambio de experiencias educativas entre los diferentes participantes, estudiantes, docentes, asesores cient\u00edficos, investigadores y p\u00fablico en general con el objetivo de fomentar la cultura ciudadana y democr\u00e1tica, el esp\u00edritu cr\u00edtico y la curiosidad en ni\u00f1os, j\u00f3venes y docentes.<\/p>\n<p>&nbsp;<\/p>\n<p>La feria permanecer\u00e1 en Plaza Mansilla hasta el d\u00eda mi\u00e9rcoles 4, a las 16 cuando se realizar\u00e1 el acto de clausura.<\/p>\n<p>&nbsp;<\/p>\n<p>&nbsp;<\/p>\n<p><strong>Cronograma<\/strong><\/p>\n<p><a href=\"http:\/\/cge.entrerios.gov.ar\/educacion\/wp-content\/uploads\/2017\/10\/AGENDA-FERIA-PROVINCIAL_2017.pdf\">http:\/\/cge.entrerios.gov.ar\/educacion\/wp-content\/uploads\/2017\/10\/AGENDA-FERIA-PROVINCIAL_2017.pdf<\/a><\/p>\n","protected":false},"excerpt":{"rendered":"<p>En la Plaza Mansilla dio inicio este lunes, la Feria de Educaci\u00f3n de Entre R\u00edos, con la presencia de m\u00e1s de 1500 alumnos de todos los departamentos entrerrianos quienes exponen sus investigaciones junto a docentes diferentes niveles educativos. La feria continuar\u00e1 hasta el mi\u00e9rcoles &nbsp; &nbsp; &nbsp; \u201cEstamos muy contentos de mostrar el trabajo de todos los docentes entrerrianos\u201d, afirm\u00f3 Mariel \u00c1vila, la esposa del gobernador Gustavo Bordet, en la inauguraci\u00f3n de la Feria y recorrida de las carpas instaladas en plaza Mansilla, de la capital entrerriana donde se desarrolla&#8230;<\/p>\n","protected":false},"author":3,"featured_media":18207,"comment_status":"closed","ping_status":"closed","sticky":false,"template":"","format":"standard","meta":[],"categories":[15],"tags":[],"_links":{"self":[{"href":"https:\/\/www.actualidadadiario.com\/index.php\/wp-json\/wp\/v2\/posts\/18206"}],"collection":[{"href":"https:\/\/www.actualidadadiario.com\/index.php\/wp-json\/wp\/v2\/posts"}],"about":[{"href":"https:\/\/www.actualidadadiario.com\/index.php\/wp-json\/wp\/v2\/types\/post"}],"author":[{"embeddable":true,"href":"https:\/\/www.actualidadadiario.com\/index.php\/wp-json\/wp\/v2\/users\/3"}],"replies":[{"embeddable":true,"href":"https:\/\/www.actualidadadiario.com\/index.php\/wp-json\/wp\/v2\/comments?post=18206"}],"version-history":[{"count":1,"href":"https:\/\/www.actualidadadiario.com\/index.php\/wp-json\/wp\/v2\/posts\/18206\/revisions"}],"predecessor-version":[{"id":18208,"href":"https:\/\/www.actualidadadiario.com\/index.php\/wp-json\/wp\/v2\/posts\/18206\/revisions\/18208"}],"wp:featuredmedia":[{"embeddable":true,"href":"https:\/\/www.actualidadadiario.com\/index.php\/wp-json\/wp\/v2\/media\/18207"}],"wp:attachment":[{"href":"https:\/\/www.actualidadadiario.com\/index.php\/wp-json\/wp\/v2\/media?parent=18206"}],"wp:term":[{"taxonomy":"category","embeddable":true,"href":"https:\/\/www.actualidadadiario.com\/index.php\/wp-json\/wp\/v2\/categories?post=18206"},{"taxonomy":"post_tag","embeddable":true,"href":"https:\/\/www.actualidadadiario.com\/index.php\/wp-json\/wp\/v2\/tags?post=18206"}],"curies":[{"name":"wp","href":"https:\/\/api.w.org\/{rel}","templated":true}]}}