{"id":18203,"date":"2017-10-03T10:03:11","date_gmt":"2017-10-03T13:03:11","guid":{"rendered":"http:\/\/actualidadadiario.com\/site\/?p=18203"},"modified":"2017-10-03T10:03:11","modified_gmt":"2017-10-03T13:03:11","slug":"bordet-llamo-a-abrir-las-puertas-del-partido","status":"publish","type":"post","link":"https:\/\/www.actualidadadiario.com\/index.php\/2017\/10\/03\/bordet-llamo-a-abrir-las-puertas-del-partido\/","title":{"rendered":"Bordet llam\u00f3 a &#8220;abrir las puertas del partido&#8221;"},"content":{"rendered":"<p><em><strong>De cara a las elecciones, el gobernador reuni\u00f3 a distintos representantes del peronismo para coordinar las acciones de campa\u00f1a. Pidi\u00f3 profundizar la cercan\u00eda con el vecino y aprovech\u00f3 para hablar sobre la provincializaci\u00f3n de Salto Grande<\/strong><\/em><\/p>\n<p>&nbsp;<\/p>\n<p>&nbsp;<\/p>\n<p>&nbsp;<\/p>\n<p>Gustavo Bordet reuni\u00f3 a todo el peronismo en el camping del Sindicato de Comercio, en Paran\u00e1. Estuvieron los candidatos del frente Somos Entre R\u00edos, funcionarios, intendentes, legisladores y concejales de toda la provincia.<\/p>\n<p>&nbsp;<\/p>\n<p>En el escenario se ubicaron Ad\u00e1n Bahl, Sergio Urribarri y Mariano Rebord. Es decir los presidentes de las c\u00e1maras legislativas y el presidente de la Liga de Intendentes del PJ.<\/p>\n<p>&nbsp;<\/p>\n<p>En su discurso, Bordet reiter\u00f3 la importancia de centrar la estrategia de campa\u00f1a en la realidad de la provincia, &#8220;discutir ac\u00e1 los problemas de Entre R\u00edos&#8221; y evitar la nacionalizaci\u00f3n &#8220;siempre con un mensaje por la positiva&#8221;. Adem\u00e1s llam\u00f3 a &#8220;tener amplitud, a convocar a todos los compa\u00f1eros, abrir las puertas del partido&#8221;.<\/p>\n<p>&nbsp;<\/p>\n<p>El mandatario, que tambi\u00e9n oficia de presidente del Consejo Provincial del PJ, pidi\u00f3 a los presentes &#8220;todo el esfuerzo militante&#8221; y a profundizar &#8220;la proximidad con el vecino&#8221;. Adem\u00e1s adelant\u00f3 que ese trabajo ser\u00e1 &#8220;con el intendente, con los concejales, con el senador, con los diputados y los referentes de la ciudad&#8221;. &#8220;Nosotros hacemos algo mucho mejor y m\u00e1s efectivo que timbrear, que es salir a hablar con el vecino, porque nosotros estamos al lado de la gente&#8221;, agreg\u00f3.<\/p>\n<p>&nbsp;<\/p>\n<p>En esa l\u00ednea, al dar cuenta de los ejes de campa\u00f1a de la lista 501, Bordet ratific\u00f3: &#8220;Vamos a buscar la provincializaci\u00f3n de la represa Salto Grande, porque los entrerrianos tenemos derecho a pagar la luz m\u00e1s barata&#8221;.<\/p>\n<p>&nbsp;<\/p>\n<p>Tambi\u00e9n, aclar\u00f3 que &#8220;Entre R\u00edos aporta a la Naci\u00f3n m\u00e1s de lo que recibe&#8221; y subray\u00f3 que &#8220;la mayor parte de obra p\u00fablica la est\u00e1 haciendo el gobierno de la provincia&#8221;.<\/p>\n<p>&nbsp;<\/p>\n<p>En ese sentido, explic\u00f3 que &#8220;el presupuesto de Vialidad Nacional para Entre R\u00edos es de 500 millones de pesos, para Santa Fe es de 2.500 millones de pesos y para Corrientes es de 1500 millones de pesos. Entonces que me digan d\u00f3nde est\u00e1 la igualdad; nosotros queremos ser iguales&#8221;.<\/p>\n<p>&nbsp;<\/p>\n<p>&#8220;Ac\u00e1 nos estamos haciendo cargo de la educaci\u00f3n, de la salud, de todo, y siempre recibiendo mucho menos de lo que aportamos&#8221;, revel\u00f3.<\/p>\n<p>&nbsp;<\/p>\n<p>Por su parte, el primer candidato, Juan Jos\u00e9 Bahillo, salud\u00f3 el &#8220;proceso de maduraci\u00f3n, de responsabilidad pol\u00edtica&#8221; del peronismo entrerriano y resalt\u00f3 que &#8220;estamos todos comprometidos para trabajar&#8221;.<\/p>\n<p>&nbsp;<\/p>\n<p>&#8220;M\u00e1s all\u00e1 del proceso electoral, se inici\u00f3 un proceso de di\u00e1logo y contenci\u00f3n, de mirarnos a la cara entre compa\u00f1eros, de debatir algunas cuestiones. Y a lo que tenemos que apelar es a que esto que se dio como un proceso casi obligatorio por la responsabilidad que tenemos de cara al 22 de octubre, contin\u00fae. Por estos espacios fortalecen al peronismo&#8221;, afirm\u00f3 Bahillo.<\/p>\n<p>&nbsp;<\/p>\n<p>El candidato y ex intendente de Gualeguaych\u00fa apel\u00f3 al &#8220;trabajo militante, cara a cara, no de manera masiva sino personal, con paciencia, con mucha capacidad de escucha&#8221;, y explic\u00f3 que &#8220;la sociedad nos quiere ver a los candidatos, funcionarios y militantes en actitud de escucha, de proximidad. Y si vamos con esa actitud reflexiva y humilde llegaremos a un sector de la sociedad importante que leg\u00edtimamente vot\u00f3 en 2015 un cambio y que no se plasm\u00f3 en la realidad&#8221;, concluy\u00f3.<\/p>\n<p>&nbsp;<\/p>\n<p>&nbsp;<\/p>\n<p><strong>&#8220;El 82% m\u00f3vil est\u00e1 garantizado&#8221;<\/strong><\/p>\n<p>Gustavo Bordet atribuy\u00f3 a una &#8220;interna gremial&#8221; trascendidos que mencionaban la posibilidad de transferir la Caja de Jubilaciones y fue terminante sobre los rumores de los \u00faltimos d\u00edas. &#8220;Para hacer eso, habr\u00eda que modificar la Constituci\u00f3n, y nadie est\u00e1 pensando en eso&#8221;, resalt\u00f3.<\/p>\n<p>&nbsp;<\/p>\n<p>Y agreg\u00f3: &#8220;La armonizaci\u00f3n es problema de la interna que tiene Agmer. Nosotros nunca hablamos de la armonizaci\u00f3n. Ac\u00e1, el 82% m\u00f3vil y la no transferencia de la Caja, est\u00e1 en la Constituci\u00f3n. Para esto, habr\u00eda que modificar la Constituci\u00f3n, y nadie est\u00e1 pensando en eso&#8221;.<\/p>\n","protected":false},"excerpt":{"rendered":"<p>De cara a las elecciones, el gobernador reuni\u00f3 a distintos representantes del peronismo para coordinar las acciones de campa\u00f1a. Pidi\u00f3 profundizar la cercan\u00eda con el vecino y aprovech\u00f3 para hablar sobre la provincializaci\u00f3n de Salto Grande &nbsp; &nbsp; &nbsp; Gustavo Bordet reuni\u00f3 a todo el peronismo en el camping del Sindicato de Comercio, en Paran\u00e1. Estuvieron los candidatos del frente Somos Entre R\u00edos, funcionarios, intendentes, legisladores y concejales de toda la provincia. &nbsp; En el escenario se ubicaron Ad\u00e1n Bahl, Sergio Urribarri y Mariano Rebord. Es decir los presidentes de&#8230;<\/p>\n","protected":false},"author":3,"featured_media":18204,"comment_status":"closed","ping_status":"closed","sticky":false,"template":"","format":"standard","meta":[],"categories":[9,15],"tags":[],"_links":{"self":[{"href":"https:\/\/www.actualidadadiario.com\/index.php\/wp-json\/wp\/v2\/posts\/18203"}],"collection":[{"href":"https:\/\/www.actualidadadiario.com\/index.php\/wp-json\/wp\/v2\/posts"}],"about":[{"href":"https:\/\/www.actualidadadiario.com\/index.php\/wp-json\/wp\/v2\/types\/post"}],"author":[{"embeddable":true,"href":"https:\/\/www.actualidadadiario.com\/index.php\/wp-json\/wp\/v2\/users\/3"}],"replies":[{"embeddable":true,"href":"https:\/\/www.actualidadadiario.com\/index.php\/wp-json\/wp\/v2\/comments?post=18203"}],"version-history":[{"count":1,"href":"https:\/\/www.actualidadadiario.com\/index.php\/wp-json\/wp\/v2\/posts\/18203\/revisions"}],"predecessor-version":[{"id":18205,"href":"https:\/\/www.actualidadadiario.com\/index.php\/wp-json\/wp\/v2\/posts\/18203\/revisions\/18205"}],"wp:featuredmedia":[{"embeddable":true,"href":"https:\/\/www.actualidadadiario.com\/index.php\/wp-json\/wp\/v2\/media\/18204"}],"wp:attachment":[{"href":"https:\/\/www.actualidadadiario.com\/index.php\/wp-json\/wp\/v2\/media?parent=18203"}],"wp:term":[{"taxonomy":"category","embeddable":true,"href":"https:\/\/www.actualidadadiario.com\/index.php\/wp-json\/wp\/v2\/categories?post=18203"},{"taxonomy":"post_tag","embeddable":true,"href":"https:\/\/www.actualidadadiario.com\/index.php\/wp-json\/wp\/v2\/tags?post=18203"}],"curies":[{"name":"wp","href":"https:\/\/api.w.org\/{rel}","templated":true}]}}