{"id":18198,"date":"2017-10-03T10:01:26","date_gmt":"2017-10-03T13:01:26","guid":{"rendered":"http:\/\/actualidadadiario.com\/site\/?p=18198"},"modified":"2017-10-03T10:01:26","modified_gmt":"2017-10-03T13:01:26","slug":"invierten-mas-de-230-millones-de-pesos-en-infraestructura-educativa-sanitaria-y-productiva","status":"publish","type":"post","link":"https:\/\/www.actualidadadiario.com\/index.php\/2017\/10\/03\/invierten-mas-de-230-millones-de-pesos-en-infraestructura-educativa-sanitaria-y-productiva\/","title":{"rendered":"Invierten m\u00e1s de 230 millones de pesos en infraestructura educativa, sanitaria y productiva"},"content":{"rendered":"<p><em><strong>El gobernador Gustavo Bordet firm\u00f3 este lunes los contratos de obra para Plan Maestro de Agua Potable y para la Construcci\u00f3n Edificio Escuela T\u00e9cnica N\u00ba 3 en Concepci\u00f3n del Uruguay, y la finalizaci\u00f3n de un frigor\u00edfico en Feliciano<\/strong><\/em><\/p>\n<p>&nbsp;<\/p>\n<p>&nbsp;<\/p>\n<p>&nbsp;<\/p>\n<p>Con inversi\u00f3n de m\u00e1s de 232.193.081 pesos, estas obras beneficiar\u00e1n a m\u00e1s de 35.000 personas de La Hist\u00f3rica y al engranaje productivo del norte entrerriano. M\u00e1s de 172 millones de pesos son aportados por el gobierno provincial.<\/p>\n<p>&nbsp;<\/p>\n<p>El gobernador, junto a los intendentes de San Jos\u00e9 de Feliciano, Silvia Moreno, y de Concepci\u00f3n del Uruguay, Jos\u00e9 Eduardo Lauritto, firm\u00f3 este lunes los contratos de obra y convenio en el Sal\u00f3n de los Gobernadores de Casa de Gobierno. De esta manera, en Concepci\u00f3n del Uruguay ser\u00e1n m\u00e1s de 400 alumnos los que dispondr\u00e1n de un edificio nuevo de la Escuela T\u00e9cnica N\u00ba3 y superar\u00e1n las 35.000 personas las que se beneficiar\u00e1n directamente con el Plan Maestro de Agua Potable. En tanto, el norte entrerriano podr\u00e1 potenciar su engranaje productivo con la ampliaci\u00f3n y finalizaci\u00f3n de la planta de faena y frigor\u00edfico Feliciano.<\/p>\n<p>&nbsp;<\/p>\n<p>Adem\u00e1s de intendentes; estuvieron los ministros de Gobierno y Justicia, Mauro Urribarri; de Econom\u00eda, Hacienda y Finanzas, Hugo Ballay; de la Producci\u00f3n, Carlos Schepens; y de Planeamiento, Infraestructura y Servicios, Luis Benedetto; el presidente del Consejo General de Educaci\u00f3n, Jos\u00e9 Luis Panozzo; el escribano Mayor de Gobierno, Alejandro Santana; y legisladores, entre otros<\/p>\n<p>&nbsp;<\/p>\n<p>&#8220;Estas obras resultan de esfuerzo que hacemos desde el gobierno con fondos propios. Esto desmitifica que toda la obra p\u00fablica se hace con recursos nacionales. Si hay algo que est\u00e1 realmente activo en la provincia, es el ritmo de obra que hemos impuesto. No s\u00f3lo en obra p\u00fablica, sino tambi\u00e9n en la atenci\u00f3n en salud, entre otras cuestiones &#8220;, sostuvo el gobernador Gustavo Bordet.<\/p>\n<p>&nbsp;<\/p>\n<p>Destac\u00f3 adem\u00e1s que &#8220;todas estas obras que se encaran tienen la reserva presupuestaria correspondiente. En algunos casos, est\u00e1 previsto con financiamiento como es el caso del Plan Maestro y en otros con recursos enteramente provinciales como es el caso del frigor\u00edfico. Son las obras que se decidi\u00f3 encarar, empezarlas y terminarlas&#8221;.<\/p>\n<p>&nbsp;<\/p>\n<p>&nbsp;<\/p>\n<p><strong>Un gobernador que se preocupa y ocupa<\/strong><\/p>\n<p>A su turno, la intendenta de Feliciano, Sirvia Moreno, dijo que &#8220;es un d\u00eda muy feliz para los felicianenses, ya que hace rato que estamos gestionando los recursos econ\u00f3micos para finalizar el frigor\u00edfico destinado a peque\u00f1os animales, que hoy se ha logrado&#8221;.<\/p>\n<p>&nbsp;<\/p>\n<p>&#8220;Estas son las cosas que hace rato que el norte necesitaba. Se est\u00e1 viendo que hay un gobernador se preocupa y ocupa del norte entrerriano. Gracias gobernador por concretar estas cosas que a Feliciano le hacen muy bien&#8221;, remarc\u00f3.<\/p>\n<p>&nbsp;<\/p>\n<p>&#8220;Es un trabajo que venimos haciendo desde hace varios a\u00f1os y hoy se nota el compromiso de nuestro gobernador con el norte entrerriano, con esta obra del frigor\u00edfico. Son aproximadamente 8 millones de pesos para finalizar los trabajos que tienen un avance del 93 por ciento, con los equipamientos&#8221;, insisti\u00f3 Moreno.<\/p>\n<p>&nbsp;<\/p>\n<p>Luego asegur\u00f3 que &#8220;esto es un logro importante para el departamento Feliciano, no solamente para la ciudad, sino tambi\u00e9n para el norte y las localidades vecinas, donde vamos a poder apostar al crecimiento y al desarrollo a trav\u00e9s de la faena de peque\u00f1os animales&#8221;.<\/p>\n<p>&nbsp;<\/p>\n<p>En cuanto a los tiempos que demandar\u00e1 la obra, dijo que &#8220;empezaremos a trabajar en los pliegos para sacar a licitaci\u00f3n y seguramente en enero o febrero del a\u00f1o que viene estaremos arrancando con la parte edilicia&#8221;.<\/p>\n<p>&nbsp;<\/p>\n<p>Afirm\u00f3 que este frigor\u00edfico &#8220;va a beneficiar a los peque\u00f1os y medianos productores, porque no hay un lugar donde faenar porcinos, caprinos y ovinos. En Feliciano en estos \u00faltimos a\u00f1os han aumentado mucho las granjas porcinas, lo cual va a permitir generar fuentes de trabajo. En el frigor\u00edfico se emplear\u00e1n cerca de 12 personas, pero dar\u00e1 trabajo en forma indirecta a todo el norte entrerriano&#8221;.<\/p>\n<p>&nbsp;<\/p>\n<p>Destac\u00f3 adem\u00e1s las gestiones que junto al hoy fallecido senador Osvaldo Viano se hicieron para esta obra. &#8220;Esto es un homenaje tambi\u00e9n para \u00e9l&#8221;.<\/p>\n<p>&nbsp;<\/p>\n<p>&nbsp;<\/p>\n<p><strong>Obras muy significativas<\/strong><\/p>\n<p>Por su parte, el intendente de Concepci\u00f3n del Uruguay, Jos\u00e9 Lauritto, agradeci\u00f3 al gobierno porque &#8220;se trata de obras muy importantes. Una, la segunda etapa del Plan Maestro de Agua Potable, que para Concepci\u00f3n del Uruguay significa favorecer directamente a 35.000 personas y, teniendo en cuenta que esta ciudad tiene 75.000 habitantes, es un n\u00famero muy importante. Significa que tendremos la posibilidad de darle m\u00e1s presi\u00f3n a los sectores de agua que no tienen y llevarle agua a algunos sectores que hoy no cuentan&#8221;.<\/p>\n<p>&nbsp;<\/p>\n<p>&#8220;Esta obra tiene un costo de cerca de 170 millones de pesos, que se costear\u00e1 con un cr\u00e9dito que tom\u00f3 la provincia del Fondo Fiduciario Federal de Infraestructura Regional y para nosotros es muy significativa. Hoy se firm\u00f3 el contrato y el mi\u00e9rcoles se inicia la obra&#8221;, acot\u00f3 Lauritto.<\/p>\n<p>&nbsp;<\/p>\n<p>Agreg\u00f3 que &#8220;los trabajos demandar\u00e1n aproximadamente dos a\u00f1os de desarrollo y esperemos que en ese tiempo la gente la perciba, porque la verdad es una obra de respeto y dignidad porque todos sabemos lo que significa el agua para cualquier ser humano&#8221;.<\/p>\n<p>&nbsp;<\/p>\n<p>En cuanto a la escuela de Educaci\u00f3n T\u00e9cnica y Formaci\u00f3n Profesional, destac\u00f3 que &#8220;esta es la quinta escuela que se est\u00e1 construyendo en Concepci\u00f3n del Uruguay, tres de ellas est\u00e1n habilitadas; la cuarta va a iniciar el ciclo lectivo el a\u00f1o que viene, que es la de Villa de Lomas Sur; y ahora se est\u00e1 por construir en el sector oeste de la ciudad. Es una escuela que tiene un costo de 60 millones de pesos que pagar\u00e1 el gobierno de la naci\u00f3n, a trav\u00e9s del Instituto Nacional de Educaci\u00f3n T\u00e9cnica, y va a ser la tercera escuela de este tipo en Concepci\u00f3n del Uruguay, lo cual significa algo muy importante que es el v\u00ednculo educaci\u00f3n-trabajo y producci\u00f3n\u201d.<\/p>\n<p>&nbsp;<\/p>\n<p>&#8220;Creemos que de aqu\u00ed tienen que salir personas capacitadas y formadas en oficios, o futuros estudiantes de ingenier\u00eda, y lo hacemos en un nuevo sector de la ciudad que se ha construido hacia el oeste, que carece de este tipo de escuelas. Tambi\u00e9n esta obra se comienza a ejecutar el d\u00eda jueves y tiene 730 d\u00edas, con un presupuesto de alrededor de 60 millones de pesos&#8221;, a\u00f1adi\u00f3.<\/p>\n<p>&nbsp;<\/p>\n<p>&nbsp;<\/p>\n<p><strong>Las obras<\/strong><\/p>\n<p>Con recursos propios, el gobierno provincial destinar\u00e1 172.393.081 pesos para la ejecuci\u00f3n de la obra Plan Maestro de Agua Potable de Concepci\u00f3n del Uruguay y optimizaci\u00f3n de la red de distribuci\u00f3n al invertir 164.932.694 pesos, y ser\u00e1n 7.460.387 pesos los que invertir\u00e1 para la ampliaci\u00f3n y terminaci\u00f3n de la planta de faena y frigor\u00edfico en San Jos\u00e9 de Feliciano a partir del convenio rubricado entre el gobierno provincial y la municipalidad.<\/p>\n<p>&nbsp;<\/p>\n<p>En tanto, la provincia se ocup\u00f3 del proyecto del nuevo edificio de la Escuela T\u00e9cnica N\u00ba 3 que dispondr\u00e1 de dos plantas, un play\u00f3n deportivo, estacionamiento, taller y sal\u00f3n de usos m\u00faltiples. Ser\u00e1n 400 alumnos los que se beneficiar\u00e1n con esta obra que demandar\u00e1 una inversi\u00f3n de 59,8 millones de pesos.<\/p>\n<p>&nbsp;<\/p>\n<p>Esta segunda etapa del Plan Maestro prev\u00e9 la optimizaci\u00f3n de la red de distribuci\u00f3n y obras conexas. Es decir, refuerzos y v\u00e1lvulas de la red de distribuci\u00f3n, la construcci\u00f3n de las cisternas N\u00b0 2 y N\u00ba 3 con sus respectivas estaciones de bombeo, adecuando las ca\u00f1er\u00edas y v\u00e1lvulas existentes y reemplazando por nuevas las necesarias, y de la cisterna.<\/p>\n<p>&nbsp;<\/p>\n<p>La obra comprende adem\u00e1s el reacondicionamiento de la instalaci\u00f3n el\u00e9ctrica del tanque elevado existente, la construcci\u00f3n y puesta en servicio de la Subestaci\u00f3n Transformadora A\u00e9rea (SETA) de alimentaci\u00f3n en B.T. y la construcci\u00f3n de un nuevo dep\u00f3sito de materiales, con una superficie aproximada de 264 m2. Se beneficiar\u00e1 principalmente la zona oeste de la ciudad y es financiado por el Fondo Fiduciario Federal de Infraestructura Regional.<\/p>\n","protected":false},"excerpt":{"rendered":"<p>El gobernador Gustavo Bordet firm\u00f3 este lunes los contratos de obra para Plan Maestro de Agua Potable y para la Construcci\u00f3n Edificio Escuela T\u00e9cnica N\u00ba 3 en Concepci\u00f3n del Uruguay, y la finalizaci\u00f3n de un frigor\u00edfico en Feliciano &nbsp; &nbsp; &nbsp; Con inversi\u00f3n de m\u00e1s de 232.193.081 pesos, estas obras beneficiar\u00e1n a m\u00e1s de 35.000 personas de La Hist\u00f3rica y al engranaje productivo del norte entrerriano. M\u00e1s de 172 millones de pesos son aportados por el gobierno provincial. &nbsp; El gobernador, junto a los intendentes de San Jos\u00e9 de Feliciano,&#8230;<\/p>\n","protected":false},"author":3,"featured_media":18199,"comment_status":"closed","ping_status":"closed","sticky":false,"template":"","format":"standard","meta":[],"categories":[9,15],"tags":[],"_links":{"self":[{"href":"https:\/\/www.actualidadadiario.com\/index.php\/wp-json\/wp\/v2\/posts\/18198"}],"collection":[{"href":"https:\/\/www.actualidadadiario.com\/index.php\/wp-json\/wp\/v2\/posts"}],"about":[{"href":"https:\/\/www.actualidadadiario.com\/index.php\/wp-json\/wp\/v2\/types\/post"}],"author":[{"embeddable":true,"href":"https:\/\/www.actualidadadiario.com\/index.php\/wp-json\/wp\/v2\/users\/3"}],"replies":[{"embeddable":true,"href":"https:\/\/www.actualidadadiario.com\/index.php\/wp-json\/wp\/v2\/comments?post=18198"}],"version-history":[{"count":1,"href":"https:\/\/www.actualidadadiario.com\/index.php\/wp-json\/wp\/v2\/posts\/18198\/revisions"}],"predecessor-version":[{"id":18200,"href":"https:\/\/www.actualidadadiario.com\/index.php\/wp-json\/wp\/v2\/posts\/18198\/revisions\/18200"}],"wp:featuredmedia":[{"embeddable":true,"href":"https:\/\/www.actualidadadiario.com\/index.php\/wp-json\/wp\/v2\/media\/18199"}],"wp:attachment":[{"href":"https:\/\/www.actualidadadiario.com\/index.php\/wp-json\/wp\/v2\/media?parent=18198"}],"wp:term":[{"taxonomy":"category","embeddable":true,"href":"https:\/\/www.actualidadadiario.com\/index.php\/wp-json\/wp\/v2\/categories?post=18198"},{"taxonomy":"post_tag","embeddable":true,"href":"https:\/\/www.actualidadadiario.com\/index.php\/wp-json\/wp\/v2\/tags?post=18198"}],"curies":[{"name":"wp","href":"https:\/\/api.w.org\/{rel}","templated":true}]}}