{"id":18195,"date":"2017-10-03T10:00:29","date_gmt":"2017-10-03T13:00:29","guid":{"rendered":"http:\/\/actualidadadiario.com\/site\/?p=18195"},"modified":"2017-10-03T10:00:29","modified_gmt":"2017-10-03T13:00:29","slug":"se-inauguraron-viviendas-del-iapv-en-chajari-y-federacion","status":"publish","type":"post","link":"https:\/\/www.actualidadadiario.com\/index.php\/2017\/10\/03\/se-inauguraron-viviendas-del-iapv-en-chajari-y-federacion\/","title":{"rendered":"Se inauguraron viviendas del IAPV en Chajar\u00ed y Federaci\u00f3n"},"content":{"rendered":"<p><em><strong>Un total de 56 nuevas viviendas se inauguraron en Chajar\u00ed y Federaci\u00f3n en el marco del Programa Federal Techo Digno. Fueron ejecutadas por la provincia, a trav\u00e9s del Instituto Aut\u00e1rquico de Planeamiento y Vivienda (IAPV), junto a la Secretar\u00eda de Vivienda de la Naci\u00f3n<\/strong><\/em><\/p>\n<p>&nbsp;<\/p>\n<p>&nbsp;<\/p>\n<p>&nbsp;<\/p>\n<p>En Chajar\u00ed se entregaron 26 nuevas viviendas pertenecientes a la Asociaci\u00f3n Gremial del Magisterio de Entre R\u00edos (Agmer) y, en Federaci\u00f3n, 30 unidades habitacionales de la Asociaci\u00f3n de Trabajadores del Estado (ATE).<\/p>\n<p>&nbsp;<\/p>\n<p>Los actos fueron encabezados por el titular del IAPV, Alfredo Francolini, quien estuvo acompa\u00f1ado por los intendentes de Chajar\u00ed, Pedro Galimberti, de Federaci\u00f3n, Carlos Cecco, de Santa Ana, Mario Toller, y de Villa del Rosario, Gustavo Zandon\u00e1; y el subsecretario del Interior de la Naci\u00f3n, Juan Carlos Mor\u00e1n.<\/p>\n<p>&nbsp;<\/p>\n<p>El presidente del IAPV, Alfredo Francolini, afirm\u00f3 que \u201cuna de las cosas m\u00e1s lindas que nos pasa a quienes somos funcionarios p\u00fablicos es entregar la llave de una vivienda a una familia. Cada sonrisa, cada l\u00e1grima de alegr\u00eda, cada pareja fundida en un abrazo con sus hijos forman parte de las emociones que constantemente se viven en cada entrega de un nuevo hogar&#8221;.<\/p>\n<p>&nbsp;<\/p>\n<p>El funcionario asegur\u00f3 que \u201cforjar una vida mejor para todos los habitantes es la tarea que tenemos desde el gobierno que encabeza Gustavo Bordet para cumplir el sue\u00f1o de crecer d\u00eda a d\u00eda, con soluciones habitacionales que dignifiquen y mejoren sus condiciones de vida\u201d.<\/p>\n<p>&nbsp;<\/p>\n<p>A su vez resalt\u00f3 \u201cel efecto multiplicador que tiene la construcci\u00f3n de viviendas en la generaci\u00f3n de empleos directos e indirectos y su consecuente impacto en la actividad comercial en las distintas localidades donde se ejecutan los programas habitacionales\u201d.<\/p>\n<p>&nbsp;<\/p>\n<p>Francolini valor\u00f3 la decisi\u00f3n del gobernador de poner en marcha el programa Primero Entre R\u00edos, Primero tu Casa para construir 500 viviendas en el territorio entrerriano, financiadas exclusivamente con fondos provinciales.<\/p>\n<p>&nbsp;<\/p>\n<p>Por su parte el subsecretario del Interior de la Naci\u00f3n, Juan Carlos Mor\u00e1n, resalt\u00f3 el trabajo en equipo con las autoridades provinciales y la mayor\u00eda de los municipios. &#8220;Los problemas de los argentinos los tenemos que resolver entre todos, trabajando en conjunto, porque eso es los que espera la gente: que pongamos m\u00e1s energ\u00eda en tratar de ver qu\u00e9 cosas nos unen en lugar de ver qu\u00e9 cosas nos separan&#8221;, se\u00f1al\u00f3.<\/p>\n<p>&nbsp;<\/p>\n<p>El intendente de Chajar\u00ed, Pedro Galimberti, tambi\u00e9n se refiri\u00f3 al \u201cimportante momento que significa la inauguraci\u00f3n de nuevas viviendas, ya que es el inicio de una nueva etapa para 26 familias de docentes que podr\u00e1n brindar a sus hijos mejores condiciones de vida\u201d.<\/p>\n<p>&nbsp;<\/p>\n<p>El intendente de Federaci\u00f3n, Carlos Cecco, consider\u00f3 que \u201cde todas las obras p\u00fablicas que se pueden realizar, lo m\u00e1s gratificante es la inauguraci\u00f3n de viviendas porque es la posibilidad que tienen muchas familias de acceder a una vivienda digna y tener la seguridad de contar con un lugar donde planificar el desarrollo de sus vidas y las de sus hijos\u201d.<\/p>\n<p>&nbsp;<\/p>\n<p>\u201cLa alegr\u00eda es doble ya que las nuevas unidades habitacionales generaron puestos de trabajo y porque hoy un n\u00famero importante de familias tienen el techo propio&#8221;, resalt\u00f3 Cecco.<\/p>\n<p>&nbsp;<\/p>\n<p>A su turno, la secretaria de Acci\u00f3n Social de Agmer, Teresa Guerra, asegur\u00f3: \u201cEs un d\u00eda de inmensa alegr\u00eda, comenzamos a transitar el camino de cumplir el sue\u00f1o de la vivienda propia a nuestros afiliados, donde van a poder desarrollar su familia, formar un hogar y adem\u00e1s sentir arraigo a su comunidad\u201d.<\/p>\n<p>&nbsp;<\/p>\n<p>Finalmente el secretario general de ATE Federaci\u00f3n, Iv\u00e1n Dufey, mencion\u00f3 \u201cla satisfacci\u00f3n que tiene un n\u00famero importante de trabajadores estatales de acceder a su vivienda propia que es tan significativo como tener un salario digno\u201d.<\/p>\n<p>&nbsp;<\/p>\n<p>El sindicalista sostuvo que \u201cestas viviendas son tambi\u00e9n un espacio para afianzar la familia y criar a sus hijos para que en el futuro sean hombres y mujeres de bien, que hagan crecer a esta ciudad y a la provincia&#8221;.<\/p>\n<p>&nbsp;<\/p>\n<p>Tambi\u00e9n participaron de la actividad los legisladores provinciales Miguel Piana y Gabriela Lena; los vocales de la repartici\u00f3n provincial Marcelo B\u00e1ez y Amalia Peroni; el coordinador de Gerencias, Roberto Mazzarello; y el gerente de la Regional Salto Grande de la repartici\u00f3n, Luis D\u00e1vila, entre otras autoridades.<\/p>\n","protected":false},"excerpt":{"rendered":"<p>Un total de 56 nuevas viviendas se inauguraron en Chajar\u00ed y Federaci\u00f3n en el marco del Programa Federal Techo Digno. Fueron ejecutadas por la provincia, a trav\u00e9s del Instituto Aut\u00e1rquico de Planeamiento y Vivienda (IAPV), junto a la Secretar\u00eda de Vivienda de la Naci\u00f3n &nbsp; &nbsp; &nbsp; En Chajar\u00ed se entregaron 26 nuevas viviendas pertenecientes a la Asociaci\u00f3n Gremial del Magisterio de Entre R\u00edos (Agmer) y, en Federaci\u00f3n, 30 unidades habitacionales de la Asociaci\u00f3n de Trabajadores del Estado (ATE). &nbsp; Los actos fueron encabezados por el titular del IAPV, Alfredo&#8230;<\/p>\n","protected":false},"author":3,"featured_media":18196,"comment_status":"closed","ping_status":"closed","sticky":false,"template":"","format":"standard","meta":[],"categories":[15],"tags":[],"_links":{"self":[{"href":"https:\/\/www.actualidadadiario.com\/index.php\/wp-json\/wp\/v2\/posts\/18195"}],"collection":[{"href":"https:\/\/www.actualidadadiario.com\/index.php\/wp-json\/wp\/v2\/posts"}],"about":[{"href":"https:\/\/www.actualidadadiario.com\/index.php\/wp-json\/wp\/v2\/types\/post"}],"author":[{"embeddable":true,"href":"https:\/\/www.actualidadadiario.com\/index.php\/wp-json\/wp\/v2\/users\/3"}],"replies":[{"embeddable":true,"href":"https:\/\/www.actualidadadiario.com\/index.php\/wp-json\/wp\/v2\/comments?post=18195"}],"version-history":[{"count":1,"href":"https:\/\/www.actualidadadiario.com\/index.php\/wp-json\/wp\/v2\/posts\/18195\/revisions"}],"predecessor-version":[{"id":18197,"href":"https:\/\/www.actualidadadiario.com\/index.php\/wp-json\/wp\/v2\/posts\/18195\/revisions\/18197"}],"wp:featuredmedia":[{"embeddable":true,"href":"https:\/\/www.actualidadadiario.com\/index.php\/wp-json\/wp\/v2\/media\/18196"}],"wp:attachment":[{"href":"https:\/\/www.actualidadadiario.com\/index.php\/wp-json\/wp\/v2\/media?parent=18195"}],"wp:term":[{"taxonomy":"category","embeddable":true,"href":"https:\/\/www.actualidadadiario.com\/index.php\/wp-json\/wp\/v2\/categories?post=18195"},{"taxonomy":"post_tag","embeddable":true,"href":"https:\/\/www.actualidadadiario.com\/index.php\/wp-json\/wp\/v2\/tags?post=18195"}],"curies":[{"name":"wp","href":"https:\/\/api.w.org\/{rel}","templated":true}]}}