{"id":18192,"date":"2017-10-03T09:59:31","date_gmt":"2017-10-03T12:59:31","guid":{"rendered":"http:\/\/actualidadadiario.com\/site\/?p=18192"},"modified":"2017-10-03T09:59:31","modified_gmt":"2017-10-03T12:59:31","slug":"entre-rios-reclamo-a-nacion-por-aportes-para-los-parques-industriales","status":"publish","type":"post","link":"https:\/\/www.actualidadadiario.com\/index.php\/2017\/10\/03\/entre-rios-reclamo-a-nacion-por-aportes-para-los-parques-industriales\/","title":{"rendered":"Entre R\u00edos reclam\u00f3 a Naci\u00f3n por aportes para los Parques Industriales"},"content":{"rendered":"<p><em><strong>El gobierno reclam\u00f3 a la Naci\u00f3n por la demora en la entrega de aportes no reintegrables para obras que se encuentran pendientes de ejecuci\u00f3n en Parques Industriales de la provincia. Entre R\u00edos ocupa el tercer lugar a nivel nacional, con 27 parques industriales aprobados<\/strong><\/em><\/p>\n<p>&nbsp;<\/p>\n<p>&nbsp;<\/p>\n<p>&nbsp;<\/p>\n<p>El director general de Industria y Parques Industriales del Ministerio de Producci\u00f3n, Ricardo Armocida, se reuni\u00f3 en el \u00e1mbito de Ministerio de Producci\u00f3n de la Naci\u00f3n con el director de Parques Industriales, Horacio Lamberti, a fin de analizar temas pendientes que facilitar\u00edan la radicaci\u00f3n de nuevas empresas en la provincia.<\/p>\n<p>&nbsp;<\/p>\n<p>Armocida indic\u00f3 que \u201cel compromiso del gobierno provincial con el desarrollo local de base industrial es una de las principales pol\u00edticas encaradas por el ministerio de producci\u00f3n en el marco de los lineamientos expuestos a inicio de gesti\u00f3n por el gobernador Gustavo Bordet, y en ese sentido llevamos adelante todas las gestiones necesarias para tal fin.<\/p>\n<p>&nbsp;<\/p>\n<p>\u201cAprovechamos la instancia para reclamar por la necesaria atenci\u00f3n a los proyectos de aportes no reintegrables para obras en parques industriales entrerrianos que se encuentran demorados, dado que Entre R\u00edos, es la tercer provincia con m\u00e1s parques industriales aprobados a nivel nacional (23 parques industriales) y en lo que va de gesti\u00f3n nacional actual (diciembre 2015 a la actualidad) \u00fanicamente se han recibido aportes para Nogoy\u00e1, Cerrito y Urdinarrain\u201d, se\u00f1al\u00f3 el funcionario.<\/p>\n<p>&nbsp;<\/p>\n<p>&nbsp;<\/p>\n<p><strong>Gestiones por Parque Industrial de Lucas Gonz\u00e1lez<\/strong><\/p>\n<p>Durante la reuni\u00f3n, tambi\u00e9n particip\u00f3 el intendente de la ciudad de Lucas Gonz\u00e1lez, Luis Hanemman, con el objeto de lograr la inscripci\u00f3n del parque industrial de esta localidad en el Registro Nacional de Parques Industriales, a los fines de poder acceder a aportes no reintegrables para obras intra muro en el predio del parque industrial y para que las potenciales empresas a radicarse cuenten con bonificaci\u00f3n de hasta seis puntos porcentuales en los cr\u00e9ditos existentes para tal fin.<\/p>\n<p>&nbsp;<\/p>\n<p>El parque industrial de Lucas Gonz\u00e1lez fue aprobado por el gobierno provincial a inicios de septiembre de este a\u00f1o, es el 27\u00b0 existente en Entre R\u00edos y, por una acci\u00f3n conjunta con el municipio se propuso lograr la inscripci\u00f3n nacional (el 85 por ciento de los parques industriales entrerrianos est\u00e1n aprobados por el RENPI, siendo la media nacional de aprobaci\u00f3n el 50 por ciento, por ende la provincia est\u00e1 un 35 por ciento por encima de esa media).<\/p>\n<p>&nbsp;<\/p>\n<p>El objetivo inicial es lograr asistencia para el alambrado perimetral y port\u00f3n de acceso al predio, a la vez se pidi\u00f3 asistencia al organismo nacional para que intervenga ante Vialidad Nacional para las obras complementarias respecto las d\u00e1rsenas de acceso al parque industrial desde la ruta nacional 12.<\/p>\n<p>&nbsp;<\/p>\n<p>Al respecto, el intendente Luis Hanemman destac\u00f3 las gestiones llevadas adelante por el gobierno provincial respecto la aprobaci\u00f3n del parque industrial y el acompa\u00f1amiento ante las instancias nacionales, ya que para la comunidad el parque industrial es una cuesti\u00f3n de pol\u00edtica de desarrollo fundamental.<\/p>\n","protected":false},"excerpt":{"rendered":"<p>El gobierno reclam\u00f3 a la Naci\u00f3n por la demora en la entrega de aportes no reintegrables para obras que se encuentran pendientes de ejecuci\u00f3n en Parques Industriales de la provincia. Entre R\u00edos ocupa el tercer lugar a nivel nacional, con 27 parques industriales aprobados &nbsp; &nbsp; &nbsp; El director general de Industria y Parques Industriales del Ministerio de Producci\u00f3n, Ricardo Armocida, se reuni\u00f3 en el \u00e1mbito de Ministerio de Producci\u00f3n de la Naci\u00f3n con el director de Parques Industriales, Horacio Lamberti, a fin de analizar temas pendientes que facilitar\u00edan la&#8230;<\/p>\n","protected":false},"author":3,"featured_media":18193,"comment_status":"closed","ping_status":"closed","sticky":false,"template":"","format":"standard","meta":[],"categories":[15],"tags":[],"_links":{"self":[{"href":"https:\/\/www.actualidadadiario.com\/index.php\/wp-json\/wp\/v2\/posts\/18192"}],"collection":[{"href":"https:\/\/www.actualidadadiario.com\/index.php\/wp-json\/wp\/v2\/posts"}],"about":[{"href":"https:\/\/www.actualidadadiario.com\/index.php\/wp-json\/wp\/v2\/types\/post"}],"author":[{"embeddable":true,"href":"https:\/\/www.actualidadadiario.com\/index.php\/wp-json\/wp\/v2\/users\/3"}],"replies":[{"embeddable":true,"href":"https:\/\/www.actualidadadiario.com\/index.php\/wp-json\/wp\/v2\/comments?post=18192"}],"version-history":[{"count":1,"href":"https:\/\/www.actualidadadiario.com\/index.php\/wp-json\/wp\/v2\/posts\/18192\/revisions"}],"predecessor-version":[{"id":18194,"href":"https:\/\/www.actualidadadiario.com\/index.php\/wp-json\/wp\/v2\/posts\/18192\/revisions\/18194"}],"wp:featuredmedia":[{"embeddable":true,"href":"https:\/\/www.actualidadadiario.com\/index.php\/wp-json\/wp\/v2\/media\/18193"}],"wp:attachment":[{"href":"https:\/\/www.actualidadadiario.com\/index.php\/wp-json\/wp\/v2\/media?parent=18192"}],"wp:term":[{"taxonomy":"category","embeddable":true,"href":"https:\/\/www.actualidadadiario.com\/index.php\/wp-json\/wp\/v2\/categories?post=18192"},{"taxonomy":"post_tag","embeddable":true,"href":"https:\/\/www.actualidadadiario.com\/index.php\/wp-json\/wp\/v2\/tags?post=18192"}],"curies":[{"name":"wp","href":"https:\/\/api.w.org\/{rel}","templated":true}]}}