{"id":18180,"date":"2017-10-02T10:37:16","date_gmt":"2017-10-02T13:37:16","guid":{"rendered":"http:\/\/actualidadadiario.com\/site\/?p=18180"},"modified":"2017-10-02T10:37:16","modified_gmt":"2017-10-02T13:37:16","slug":"las-lagrimas-de-los-policias-catalanes-por-la-represion-de-la-guardia-civil","status":"publish","type":"post","link":"https:\/\/www.actualidadadiario.com\/index.php\/2017\/10\/02\/las-lagrimas-de-los-policias-catalanes-por-la-represion-de-la-guardia-civil\/","title":{"rendered":"Las l\u00e1grimas de los polic\u00edas catalanes por la represi\u00f3n de la Guardia Civil"},"content":{"rendered":"<p><em><strong>Los Mossos d&#8217;Esquadra, desplegaron a los centros de votaci\u00f3n de Barcelona y no pudieron ocultar su tristeza por la violenta represi\u00f3n de la Guardia Civil y Polic\u00eda Nacional. Las im\u00e1genes se viralizaron r\u00e1pidamente<\/strong><\/em><\/p>\n<p>&nbsp;<\/p>\n<p>&nbsp;<\/p>\n<p>&nbsp;<\/p>\n<p>&nbsp;<\/p>\n<p>&nbsp;<\/p>\n<p>Los Mossos d&#8217;Esquadra, la polic\u00eda auton\u00f3mica catalana, se despleg\u00f3 a los centros de votaci\u00f3n de Barcelona y otras ciudades ten\u00edan \u00f3rdenes de precintar las escuelas donde se votar\u00eda refer\u00e9ndum independentista y de vigilar a la distancia.<\/p>\n<p>&nbsp;<\/p>\n<p>Cuando comenz\u00f3 la represi\u00f3n de la Guardia Civil y la Polic\u00eda Nacional los Mossos no pudieron ocultar su tristeza por la violenta represi\u00f3n que se estaba llevando a cabo.<\/p>\n<p>&nbsp;<\/p>\n<p>Por su parte el Gobierno Central espa\u00f1ol critic\u00f3 la &#8220;pasividad&#8221; de los Mossos de Esquadra. &#8220;Por eso la Polic\u00eda Nacional y la Guardia Civil han tenido que actuar. El objetivo no son las personas. Es el material electoral. Nos hemos visto obligados a hacer lo que no quer\u00edamos hacer&#8221;, afirm\u00f3 el delegado del gobierno espa\u00f1ol en Catalu\u00f1a, Enric Millo.<\/p>\n<p>&nbsp;<\/p>\n<p>Desde la madrugada, cientos de personas se concentraron a las puertas de cada centro de votaci\u00f3n con el objetivo de evitar que sean precintados. Sin embargo, pasada la hora marcada, la polic\u00eda catalana no hab\u00eda actuado debido a la presencia de la multitud, mientras los activistas independentistas lograron que &#8220;aparecieran&#8221; las urnas oficiales en el interior de los centros de votaci\u00f3n.<\/p>\n","protected":false},"excerpt":{"rendered":"<p>Los Mossos d&#8217;Esquadra, desplegaron a los centros de votaci\u00f3n de Barcelona y no pudieron ocultar su tristeza por la violenta represi\u00f3n de la Guardia Civil y Polic\u00eda Nacional. Las im\u00e1genes se viralizaron r\u00e1pidamente &nbsp; &nbsp; &nbsp; &nbsp; &nbsp; Los Mossos d&#8217;Esquadra, la polic\u00eda auton\u00f3mica catalana, se despleg\u00f3 a los centros de votaci\u00f3n de Barcelona y otras ciudades ten\u00edan \u00f3rdenes de precintar las escuelas donde se votar\u00eda refer\u00e9ndum independentista y de vigilar a la distancia. &nbsp; Cuando comenz\u00f3 la represi\u00f3n de la Guardia Civil y la Polic\u00eda Nacional los Mossos no&#8230;<\/p>\n","protected":false},"author":3,"featured_media":18181,"comment_status":"closed","ping_status":"closed","sticky":false,"template":"","format":"standard","meta":[],"categories":[4],"tags":[],"_links":{"self":[{"href":"https:\/\/www.actualidadadiario.com\/index.php\/wp-json\/wp\/v2\/posts\/18180"}],"collection":[{"href":"https:\/\/www.actualidadadiario.com\/index.php\/wp-json\/wp\/v2\/posts"}],"about":[{"href":"https:\/\/www.actualidadadiario.com\/index.php\/wp-json\/wp\/v2\/types\/post"}],"author":[{"embeddable":true,"href":"https:\/\/www.actualidadadiario.com\/index.php\/wp-json\/wp\/v2\/users\/3"}],"replies":[{"embeddable":true,"href":"https:\/\/www.actualidadadiario.com\/index.php\/wp-json\/wp\/v2\/comments?post=18180"}],"version-history":[{"count":1,"href":"https:\/\/www.actualidadadiario.com\/index.php\/wp-json\/wp\/v2\/posts\/18180\/revisions"}],"predecessor-version":[{"id":18182,"href":"https:\/\/www.actualidadadiario.com\/index.php\/wp-json\/wp\/v2\/posts\/18180\/revisions\/18182"}],"wp:featuredmedia":[{"embeddable":true,"href":"https:\/\/www.actualidadadiario.com\/index.php\/wp-json\/wp\/v2\/media\/18181"}],"wp:attachment":[{"href":"https:\/\/www.actualidadadiario.com\/index.php\/wp-json\/wp\/v2\/media?parent=18180"}],"wp:term":[{"taxonomy":"category","embeddable":true,"href":"https:\/\/www.actualidadadiario.com\/index.php\/wp-json\/wp\/v2\/categories?post=18180"},{"taxonomy":"post_tag","embeddable":true,"href":"https:\/\/www.actualidadadiario.com\/index.php\/wp-json\/wp\/v2\/tags?post=18180"}],"curies":[{"name":"wp","href":"https:\/\/api.w.org\/{rel}","templated":true}]}}