{"id":18162,"date":"2017-10-02T10:32:34","date_gmt":"2017-10-02T13:32:34","guid":{"rendered":"http:\/\/actualidadadiario.com\/site\/?p=18162"},"modified":"2017-10-02T10:32:43","modified_gmt":"2017-10-02T13:32:43","slug":"masivo-reclamo-por-santiago-maldonado","status":"publish","type":"post","link":"https:\/\/www.actualidadadiario.com\/index.php\/2017\/10\/02\/masivo-reclamo-por-santiago-maldonado\/","title":{"rendered":"Masivo reclamo por Santiago Maldonado"},"content":{"rendered":"<p><em><strong>&#8220;Algunos intereses son m\u00e1s importantes que la desaparici\u00f3n de una persona a manos del Estado&#8221;, dijo Sergio Maldonado en su discurso<\/strong><\/em><\/p>\n<p>&nbsp;<\/p>\n<p>&nbsp;<\/p>\n<p>&nbsp;<\/p>\n<p>A dos meses de la desaparici\u00f3n del joven Santiago Maldonado, se llev\u00f3 a cabo este domingo un acto multitudinario en la Plaza de Mayo, cuyo orador principal fue Sergio Maldonado, quien lament\u00f3 que &#8220;algunos intereses sean m\u00e1s importantes que la desaparici\u00f3n de una persona en manos del Estado&#8221;.<\/p>\n<p>&nbsp;<\/p>\n<p>&#8220;Estoy convencido de que no existe la bondad de los gendarmes ni de los jefes que participaron de la represi\u00f3n en la comunidad mapuche&#8221;, expres\u00f3 el hermano del artesano en una carta p\u00fablica dirigida al joven desaparecido.<\/p>\n<p>&nbsp;<\/p>\n<p>Tambi\u00e9n habl\u00f3 durante el acto Germ\u00e1n Maldonado, otro de los hermanos, quien en sinton\u00eda con Sergio se mostr\u00f3 esperanzado en que a partir de la recusaci\u00f3n del juez federal de Esquel, Guido Otranto, y su reemplazo por Gustavo Lleral se pueda avanzar en la b\u00fasqueda por la &#8220;verdad&#8221;.<\/p>\n<p>&nbsp;<\/p>\n<p>&#8220;El Ministerio de Seguridad no hizo m\u00e1s que entorpecer la causa para llegar a la verdad. Por todo esto exigimos la renuncia de Patricia Bullrich&#8221;, subray\u00f3 Germ\u00e1n Maldonado en su alocuci\u00f3n.<\/p>\n","protected":false},"excerpt":{"rendered":"<p>&#8220;Algunos intereses son m\u00e1s importantes que la desaparici\u00f3n de una persona a manos del Estado&#8221;, dijo Sergio Maldonado en su discurso &nbsp; &nbsp; &nbsp; A dos meses de la desaparici\u00f3n del joven Santiago Maldonado, se llev\u00f3 a cabo este domingo un acto multitudinario en la Plaza de Mayo, cuyo orador principal fue Sergio Maldonado, quien lament\u00f3 que &#8220;algunos intereses sean m\u00e1s importantes que la desaparici\u00f3n de una persona en manos del Estado&#8221;. &nbsp; &#8220;Estoy convencido de que no existe la bondad de los gendarmes ni de los jefes que participaron&#8230;<\/p>\n","protected":false},"author":3,"featured_media":18163,"comment_status":"closed","ping_status":"closed","sticky":false,"template":"","format":"standard","meta":[],"categories":[9,18],"tags":[],"_links":{"self":[{"href":"https:\/\/www.actualidadadiario.com\/index.php\/wp-json\/wp\/v2\/posts\/18162"}],"collection":[{"href":"https:\/\/www.actualidadadiario.com\/index.php\/wp-json\/wp\/v2\/posts"}],"about":[{"href":"https:\/\/www.actualidadadiario.com\/index.php\/wp-json\/wp\/v2\/types\/post"}],"author":[{"embeddable":true,"href":"https:\/\/www.actualidadadiario.com\/index.php\/wp-json\/wp\/v2\/users\/3"}],"replies":[{"embeddable":true,"href":"https:\/\/www.actualidadadiario.com\/index.php\/wp-json\/wp\/v2\/comments?post=18162"}],"version-history":[{"count":1,"href":"https:\/\/www.actualidadadiario.com\/index.php\/wp-json\/wp\/v2\/posts\/18162\/revisions"}],"predecessor-version":[{"id":18164,"href":"https:\/\/www.actualidadadiario.com\/index.php\/wp-json\/wp\/v2\/posts\/18162\/revisions\/18164"}],"wp:featuredmedia":[{"embeddable":true,"href":"https:\/\/www.actualidadadiario.com\/index.php\/wp-json\/wp\/v2\/media\/18163"}],"wp:attachment":[{"href":"https:\/\/www.actualidadadiario.com\/index.php\/wp-json\/wp\/v2\/media?parent=18162"}],"wp:term":[{"taxonomy":"category","embeddable":true,"href":"https:\/\/www.actualidadadiario.com\/index.php\/wp-json\/wp\/v2\/categories?post=18162"},{"taxonomy":"post_tag","embeddable":true,"href":"https:\/\/www.actualidadadiario.com\/index.php\/wp-json\/wp\/v2\/tags?post=18162"}],"curies":[{"name":"wp","href":"https:\/\/api.w.org\/{rel}","templated":true}]}}