{"id":18147,"date":"2017-10-02T10:28:45","date_gmt":"2017-10-02T13:28:45","guid":{"rendered":"http:\/\/actualidadadiario.com\/site\/?p=18147"},"modified":"2017-10-02T10:28:45","modified_gmt":"2017-10-02T13:28:45","slug":"ya-rige-alza-de-mas-del-10-en-combustibles-para-mayoristas","status":"publish","type":"post","link":"https:\/\/www.actualidadadiario.com\/index.php\/2017\/10\/02\/ya-rige-alza-de-mas-del-10-en-combustibles-para-mayoristas\/","title":{"rendered":"Ya rige alza de m\u00e1s del 10% en combustibles para mayoristas"},"content":{"rendered":"<p><em><strong>La celeridad con que la mayor\u00eda de las empresas adecu\u00f3 los precios este fin de semana siembra dudas sobre la fecha de traslado al p\u00fablico. Por ahora, insisten en que ser\u00e1 despu\u00e9s de las elecciones<\/strong><\/em><\/p>\n<p>&nbsp;<\/p>\n<p>&nbsp;<\/p>\n<p>&nbsp;<\/p>\n<p>En el primer d\u00eda de la liberaci\u00f3n del mercado de combustibles, ayer varias petroleras aumentaron los precios en el segmento mayorista que incluye los suministros para el agro, la industria, el transporte, y los revendedores que abastecen a las estaciones de servicios blancas. Las empresas Shell, Axion, Oil y Puma aplicaron subas del 10 al 11,5%. Por su parte, YPF indic\u00f3 que &#8220;por ahora no va a aumentar los precios y est\u00e1 analizando c\u00f3mo evoluciona el mercado&#8221;. Tambi\u00e9n aclar\u00f3 que mantendr\u00e1 el abastecimiento a sus clientes mayoristas.<\/p>\n<p>&nbsp;<\/p>\n<p>El alza aplicada coincide con el aumento en el precio del petr\u00f3leo y la variaci\u00f3n en el tipo de cambio que se verific\u00f3 desde el \u00faltimo ajuste de los combustibles calculado a fines de junio. Entre esa fecha y el viernes pasado, el valor del d\u00f3lar ascendi\u00f3 un 6% mientras el crudo tuvo un incremento del 4,5% en el mercado internacional.<\/p>\n<p>&nbsp;<\/p>\n<p>Los dos efectos acumulados implican un ajuste del 10% o m\u00e1s en el valor de los combustibles que se trasladar\u00e1 al p\u00fablico despu\u00e9s de las elecciones, aunque ya incidir\u00e1 en los precios de los productos de consumo por el alza aplicada al trasporte, y se notar\u00e1 en las estaciones de servicio blancas.<\/p>\n<p>&nbsp;<\/p>\n<p>La decisi\u00f3n de las petroleras contradice la opini\u00f3n del ministro de Energ\u00eda, Juan Jos\u00e9 Aranguren, quien al anunciar la liberaci\u00f3n del mercado, sostuvo que los precios no aumentar\u00edan porque &#8220;los niveles que tienen hoy el tipo de cambio y el petr\u00f3leo en el mercado externo, est\u00e1n en un moderado equilibrio&#8221;.<\/p>\n<p>&nbsp;<\/p>\n<p>Seg\u00fan la estimaci\u00f3n del ex subsecretario de Combustibles Alberto Fiandesio, publicada en el sitio surtidores.com, al liberarse el mercado el valor del crudo local se deber\u00eda ubicar entre la paridad de importaci\u00f3n y la de exportaci\u00f3n. Consider\u00f3 que si la cotizaci\u00f3n internacional fuera igual al precio local actual, a iguales calidades de crudo, es esperable un aumento cercano al 5%, entre u$s2 y u$s3, por la incidencia de fletes y seguros. Anticip\u00f3 tambi\u00e9n que las naftas incrementar\u00edan su valor en porcentajes un poco mayores, mientras que el gasoil tendr\u00eda un comportamiento correlacionado con el del crudo.<\/p>\n<p>&nbsp;<\/p>\n<p>A esta estimaci\u00f3n hay que a\u00f1adirle el efecto del tipo de cambio y que el precio local del petr\u00f3leo est\u00e1 por debajo del internacional, debido a que el Medanito hasta ahora se vend\u00eda a u$s55, 5, y el Brent, de menor calidad, se ubic\u00f3 la semana pasada entre u$s57 y u$s58, luego de haber acumulado un 20% de aumento en el trimestre julio-septiembre.<\/p>\n<p>&nbsp;<\/p>\n<p>Por otra parte, la liberaci\u00f3n del mercado tiene efectos todav\u00eda no mensurados. Si hay libertad de precios, una estaci\u00f3n de servicio que pertenece a una red que no sea la de YPF pero es de un propietario independiente, puede aplicar el aumento que le permita la existencia o no de competencia. Esto anticipa alzas m\u00e1s arriba de las planeadas por las refinadoras, en los surtidores de localidades del interior donde haya s\u00f3lo una o dos estaciones de servicio.<\/p>\n<p>&nbsp;<\/p>\n<p>Por eso, se explica tambi\u00e9n el reclamo de los estaciones independientes de la red YPF por dejar de recibir el producto en consignaci\u00f3n, m\u00e9todo por el cual no pagan por adelantado el combustible, pero al mismo tiempo quedan obligados a aplicar los valores oficiales que fija la petrolera en cada jurisdicci\u00f3n.<\/p>\n<p>&nbsp;<\/p>\n<p>Otro costado no menos complejo de la decisi\u00f3n del Gobierno es el requerimiento de que al haber mercado libre debe poder importarse libremente, sin restricciones, tal como plante\u00f3 la semana pasada el presidente de YPF, Miguel Guti\u00e9rrez. Si a pesar del alto d\u00e9ficit de la balanza comercial, el Gobierno avanza en ese sentido, la actividad petrolera retroceder\u00eda a\u00fan m\u00e1s sobre todo en los yacimientos tradicionales pese a la reducci\u00f3n de costos que significan los nuevos convenios laborales, que desde el viernes incluyen tambi\u00e9n a Santa Cruz.<\/p>\n","protected":false},"excerpt":{"rendered":"<p>La celeridad con que la mayor\u00eda de las empresas adecu\u00f3 los precios este fin de semana siembra dudas sobre la fecha de traslado al p\u00fablico. Por ahora, insisten en que ser\u00e1 despu\u00e9s de las elecciones &nbsp; &nbsp; &nbsp; En el primer d\u00eda de la liberaci\u00f3n del mercado de combustibles, ayer varias petroleras aumentaron los precios en el segmento mayorista que incluye los suministros para el agro, la industria, el transporte, y los revendedores que abastecen a las estaciones de servicios blancas. Las empresas Shell, Axion, Oil y Puma aplicaron subas&#8230;<\/p>\n","protected":false},"author":3,"featured_media":18148,"comment_status":"closed","ping_status":"closed","sticky":false,"template":"","format":"standard","meta":[],"categories":[2],"tags":[],"_links":{"self":[{"href":"https:\/\/www.actualidadadiario.com\/index.php\/wp-json\/wp\/v2\/posts\/18147"}],"collection":[{"href":"https:\/\/www.actualidadadiario.com\/index.php\/wp-json\/wp\/v2\/posts"}],"about":[{"href":"https:\/\/www.actualidadadiario.com\/index.php\/wp-json\/wp\/v2\/types\/post"}],"author":[{"embeddable":true,"href":"https:\/\/www.actualidadadiario.com\/index.php\/wp-json\/wp\/v2\/users\/3"}],"replies":[{"embeddable":true,"href":"https:\/\/www.actualidadadiario.com\/index.php\/wp-json\/wp\/v2\/comments?post=18147"}],"version-history":[{"count":1,"href":"https:\/\/www.actualidadadiario.com\/index.php\/wp-json\/wp\/v2\/posts\/18147\/revisions"}],"predecessor-version":[{"id":18149,"href":"https:\/\/www.actualidadadiario.com\/index.php\/wp-json\/wp\/v2\/posts\/18147\/revisions\/18149"}],"wp:featuredmedia":[{"embeddable":true,"href":"https:\/\/www.actualidadadiario.com\/index.php\/wp-json\/wp\/v2\/media\/18148"}],"wp:attachment":[{"href":"https:\/\/www.actualidadadiario.com\/index.php\/wp-json\/wp\/v2\/media?parent=18147"}],"wp:term":[{"taxonomy":"category","embeddable":true,"href":"https:\/\/www.actualidadadiario.com\/index.php\/wp-json\/wp\/v2\/categories?post=18147"},{"taxonomy":"post_tag","embeddable":true,"href":"https:\/\/www.actualidadadiario.com\/index.php\/wp-json\/wp\/v2\/tags?post=18147"}],"curies":[{"name":"wp","href":"https:\/\/api.w.org\/{rel}","templated":true}]}}