{"id":18144,"date":"2017-10-02T10:27:55","date_gmt":"2017-10-02T13:27:55","guid":{"rendered":"http:\/\/actualidadadiario.com\/site\/?p=18144"},"modified":"2017-10-02T10:27:55","modified_gmt":"2017-10-02T13:27:55","slug":"las-ventas-minoristas-cedieron-23-por-ciento-a-septiembre","status":"publish","type":"post","link":"https:\/\/www.actualidadadiario.com\/index.php\/2017\/10\/02\/las-ventas-minoristas-cedieron-23-por-ciento-a-septiembre\/","title":{"rendered":"Las ventas minoristas cedieron 2,3 por ciento a septiembre"},"content":{"rendered":"<p><em><strong>Las cifras fueron dadas a conocer por la CAME, que adem\u00e1s remarc\u00f3 que durante el mes que pas\u00f3, la baja fue del 0,1 por ciento<\/strong><\/em><\/p>\n<p>&nbsp;<\/p>\n<p>&nbsp;<\/p>\n<p>&nbsp;<\/p>\n<p>&nbsp;<\/p>\n<p>Las ventas minoristas retrocedieron 0,1% en septiembre y acumularon en los primeros nueve meses del a\u00f1o una baja anual de 2,3%, indic\u00f3 este domingo la Confederaci\u00f3n Argentina de la Mediana Empresa (CAME).<\/p>\n<p>&nbsp;<\/p>\n<p>El sondeo arroj\u00f3 que en la comparaci\u00f3n con agosto, el descenso fue de 1,9% mientras aclar\u00f3 que, &#8220;generalmente, septiembre siempre est\u00e1 algo por debajo, ya que tiene un d\u00eda menos&#8221;.<\/p>\n<p>&nbsp;<\/p>\n<p>&#8220;Los comercios continuaron con sus pol\u00edticas de descuentos, activando promociones por redes sociales, con facilidades de cr\u00e9dito&#8221;, analiz\u00f3 el estudio.<\/p>\n<p>&nbsp;<\/p>\n<p>Aclar\u00f3 que &#8220;si bien eso ayud\u00f3 a mejorar el consumo, los resultados de ventas contin\u00faan muy dispares&#8221;.<\/p>\n<p>&nbsp;<\/p>\n<p>&#8220;En algunas zonas se va observando un repunte m\u00e1s fuerte de la mano del financiamiento, del incremento suave del salario real y las mejores expectativas&#8221;, consider\u00f3.<\/p>\n<p>&nbsp;<\/p>\n<p>En ese escenario, la entidad calcul\u00f3 que las ventas minoristas cedieron 0,1% en la medici\u00f3n a precios constantes y sostuvo que &#8220;con ese resultado, en los primeros nueve meses del a\u00f1o acumulan una baja anual de 2,3%&#8221;.<\/p>\n","protected":false},"excerpt":{"rendered":"<p>Las cifras fueron dadas a conocer por la CAME, que adem\u00e1s remarc\u00f3 que durante el mes que pas\u00f3, la baja fue del 0,1 por ciento &nbsp; &nbsp; &nbsp; &nbsp; Las ventas minoristas retrocedieron 0,1% en septiembre y acumularon en los primeros nueve meses del a\u00f1o una baja anual de 2,3%, indic\u00f3 este domingo la Confederaci\u00f3n Argentina de la Mediana Empresa (CAME). &nbsp; El sondeo arroj\u00f3 que en la comparaci\u00f3n con agosto, el descenso fue de 1,9% mientras aclar\u00f3 que, &#8220;generalmente, septiembre siempre est\u00e1 algo por debajo, ya que tiene un&#8230;<\/p>\n","protected":false},"author":3,"featured_media":18145,"comment_status":"closed","ping_status":"closed","sticky":false,"template":"","format":"standard","meta":[],"categories":[2],"tags":[],"_links":{"self":[{"href":"https:\/\/www.actualidadadiario.com\/index.php\/wp-json\/wp\/v2\/posts\/18144"}],"collection":[{"href":"https:\/\/www.actualidadadiario.com\/index.php\/wp-json\/wp\/v2\/posts"}],"about":[{"href":"https:\/\/www.actualidadadiario.com\/index.php\/wp-json\/wp\/v2\/types\/post"}],"author":[{"embeddable":true,"href":"https:\/\/www.actualidadadiario.com\/index.php\/wp-json\/wp\/v2\/users\/3"}],"replies":[{"embeddable":true,"href":"https:\/\/www.actualidadadiario.com\/index.php\/wp-json\/wp\/v2\/comments?post=18144"}],"version-history":[{"count":1,"href":"https:\/\/www.actualidadadiario.com\/index.php\/wp-json\/wp\/v2\/posts\/18144\/revisions"}],"predecessor-version":[{"id":18146,"href":"https:\/\/www.actualidadadiario.com\/index.php\/wp-json\/wp\/v2\/posts\/18144\/revisions\/18146"}],"wp:featuredmedia":[{"embeddable":true,"href":"https:\/\/www.actualidadadiario.com\/index.php\/wp-json\/wp\/v2\/media\/18145"}],"wp:attachment":[{"href":"https:\/\/www.actualidadadiario.com\/index.php\/wp-json\/wp\/v2\/media?parent=18144"}],"wp:term":[{"taxonomy":"category","embeddable":true,"href":"https:\/\/www.actualidadadiario.com\/index.php\/wp-json\/wp\/v2\/categories?post=18144"},{"taxonomy":"post_tag","embeddable":true,"href":"https:\/\/www.actualidadadiario.com\/index.php\/wp-json\/wp\/v2\/tags?post=18144"}],"curies":[{"name":"wp","href":"https:\/\/api.w.org\/{rel}","templated":true}]}}