{"id":18141,"date":"2017-10-02T10:27:10","date_gmt":"2017-10-02T13:27:10","guid":{"rendered":"http:\/\/actualidadadiario.com\/site\/?p=18141"},"modified":"2017-10-02T10:27:10","modified_gmt":"2017-10-02T13:27:10","slug":"prevision-salarios-no-recuperaran-lo-que-se-perdio-en-2016","status":"publish","type":"post","link":"https:\/\/www.actualidadadiario.com\/index.php\/2017\/10\/02\/prevision-salarios-no-recuperaran-lo-que-se-perdio-en-2016\/","title":{"rendered":"Previsi\u00f3n: salarios no recuperar\u00e1n lo que se perdi\u00f3 en 2016"},"content":{"rendered":"<p><em><strong>El Gobierno prev\u00e9 de todos modos que este a\u00f1o terminar\u00e1n 2017 por encima de la inflaci\u00f3n. Para las consultoras privadas se esfumaron entre cinco y ocho puntos porcentuales de poder de compra<\/strong><\/em><\/p>\n<p>&nbsp;<\/p>\n<p>&nbsp;<\/p>\n<p>&nbsp;<\/p>\n<p>Si la tendencia inflacionaria decreciente se mantiene, los salarios terminar\u00edan el 2017 con entre uno y tres puntos por encima de la suba de precios, lo que permitir\u00eda recuperar s\u00f3lo una parte de lo perdido en 2016, estiman en el Gobierno.<\/p>\n<p>&nbsp;<\/p>\n<p>Si bien para la administraci\u00f3n de Mauricio Macri en 2016 la p\u00e9rdida de poder adquisitivo fue leve y se sinti\u00f3 s\u00f3lo en algunos sectores laborales, para las consultoras privadas se esfumaron entre cinco y ocho puntos porcentuales de poder de compra.<\/p>\n<p>&nbsp;<\/p>\n<p>Seg\u00fan el relevamiento de la Universidad Metropolitana para la Educaci\u00f3n y el Trabajo (UMET), la CGT y la CTA, la inflaci\u00f3n de 2016 fue del 40,9%, lo que determin\u00f3 una p\u00e9rdida de poder adquisitivo del 6,1% promedio para los salarios.<\/p>\n<p>&nbsp;<\/p>\n<p>A diferencia del INDEC, la UMET y el Instituto Estad\u00edstico de los Trabajadores (IET) integrado por CGT y CTA, estudia la inflaci\u00f3n en relaci\u00f3n al impacto que tienen en los salarios que forman parte de los convenios colectivos.<\/p>\n<p>&nbsp;<\/p>\n<p>Un informe de la consultora Ecolatina estim\u00f3 en el 6% el deterioro del poder de compra que los salarios tuvieron el a\u00f1o pasado, dado que el mientras los sueldos fueron por la escalera alcanzando un 33%, la inflaci\u00f3n ascendi\u00f3 en ascensor hasta el 41,5%.<\/p>\n","protected":false},"excerpt":{"rendered":"<p>El Gobierno prev\u00e9 de todos modos que este a\u00f1o terminar\u00e1n 2017 por encima de la inflaci\u00f3n. Para las consultoras privadas se esfumaron entre cinco y ocho puntos porcentuales de poder de compra &nbsp; &nbsp; &nbsp; Si la tendencia inflacionaria decreciente se mantiene, los salarios terminar\u00edan el 2017 con entre uno y tres puntos por encima de la suba de precios, lo que permitir\u00eda recuperar s\u00f3lo una parte de lo perdido en 2016, estiman en el Gobierno. &nbsp; Si bien para la administraci\u00f3n de Mauricio Macri en 2016 la p\u00e9rdida de&#8230;<\/p>\n","protected":false},"author":3,"featured_media":18142,"comment_status":"closed","ping_status":"closed","sticky":false,"template":"","format":"standard","meta":[],"categories":[2],"tags":[],"_links":{"self":[{"href":"https:\/\/www.actualidadadiario.com\/index.php\/wp-json\/wp\/v2\/posts\/18141"}],"collection":[{"href":"https:\/\/www.actualidadadiario.com\/index.php\/wp-json\/wp\/v2\/posts"}],"about":[{"href":"https:\/\/www.actualidadadiario.com\/index.php\/wp-json\/wp\/v2\/types\/post"}],"author":[{"embeddable":true,"href":"https:\/\/www.actualidadadiario.com\/index.php\/wp-json\/wp\/v2\/users\/3"}],"replies":[{"embeddable":true,"href":"https:\/\/www.actualidadadiario.com\/index.php\/wp-json\/wp\/v2\/comments?post=18141"}],"version-history":[{"count":1,"href":"https:\/\/www.actualidadadiario.com\/index.php\/wp-json\/wp\/v2\/posts\/18141\/revisions"}],"predecessor-version":[{"id":18143,"href":"https:\/\/www.actualidadadiario.com\/index.php\/wp-json\/wp\/v2\/posts\/18141\/revisions\/18143"}],"wp:featuredmedia":[{"embeddable":true,"href":"https:\/\/www.actualidadadiario.com\/index.php\/wp-json\/wp\/v2\/media\/18142"}],"wp:attachment":[{"href":"https:\/\/www.actualidadadiario.com\/index.php\/wp-json\/wp\/v2\/media?parent=18141"}],"wp:term":[{"taxonomy":"category","embeddable":true,"href":"https:\/\/www.actualidadadiario.com\/index.php\/wp-json\/wp\/v2\/categories?post=18141"},{"taxonomy":"post_tag","embeddable":true,"href":"https:\/\/www.actualidadadiario.com\/index.php\/wp-json\/wp\/v2\/tags?post=18141"}],"curies":[{"name":"wp","href":"https:\/\/api.w.org\/{rel}","templated":true}]}}