{"id":18138,"date":"2017-10-02T10:26:28","date_gmt":"2017-10-02T13:26:28","guid":{"rendered":"http:\/\/actualidadadiario.com\/site\/?p=18138"},"modified":"2017-10-02T10:26:28","modified_gmt":"2017-10-02T13:26:28","slug":"advierten-sobre-el-aumento-de-las-importaciones-de-alimentos","status":"publish","type":"post","link":"https:\/\/www.actualidadadiario.com\/index.php\/2017\/10\/02\/advierten-sobre-el-aumento-de-las-importaciones-de-alimentos\/","title":{"rendered":"Advierten sobre el aumento de las importaciones de alimentos"},"content":{"rendered":"<p><em><strong>Seg\u00fan un informe privado, que en la nueva pol\u00edtica de gesti\u00f3n del comercio exterior la apertura econ\u00f3mica impacta a los peque\u00f1os productores locales<\/strong><\/em><\/p>\n<p>&nbsp;<\/p>\n<p>&nbsp;<\/p>\n<p>&nbsp;<\/p>\n<p>El Centro de Estudios Econ\u00f3micos y Sociales Scalabrini Ortiz (CESO), en su segundo Informe de la Econom\u00eda Popular, consider\u00f3 que en la nueva pol\u00edtica de gesti\u00f3n del comercio exterior la apertura econ\u00f3mica, con fuerte aumento de las importaciones, llega a los alimentos y sus efectos impactan a los peque\u00f1os productores que son quienes los producen.<\/p>\n<p>&nbsp;<\/p>\n<p>En el per\u00edodo analizado, enero a mayo de 2017 y su evoluci\u00f3n contra el acumulado del mismo per\u00edodo para el a\u00f1o 2015 y 2016, se registran nuevos productos importados como manteca, batata, zanahorias y naranjas.<\/p>\n<p>&nbsp;<\/p>\n<p>Mientras que en el mismo sentido se verifican grandes incrementos en la importaci\u00f3n de cerdo, cebollas y quesos.<\/p>\n<p>&nbsp;<\/p>\n<p>&#8220;A pesar de la importaci\u00f3n de estos productos y, consecuentemente, el aumento de la oferta no se registra una ca\u00edda de los precios de los alimentos&#8221;, a\u00f1adi\u00f3 CESO.<\/p>\n<p>&nbsp;<\/p>\n<p>Consider\u00f3 que &#8220;la importaci\u00f3n de estos productos afecta de manera directa a los productores locales que se ven desplazados por esta nueva competencia, y al conjunto de la poblaci\u00f3n ya que se trata de utilizar divisas para importar alimentos que se producen en nuestro pa\u00eds&#8221;.<\/p>\n<p>&nbsp;<\/p>\n<p>&#8220;A modo ilustrativo con los 95 millones de d\u00f3lares que utilizamos, m\u00e1s que en el 2015 (s\u00f3lo hasta el per\u00edodo enero- mayo), se podr\u00edan haber comprado aproximadamente 75 coches de ferrocarril 0km&#8221;, indicaron los autores del an\u00e1lisis.<\/p>\n<p>&nbsp;<\/p>\n<p>Al analizar la posici\u00f3n final de las importaciones en el comercio internacional observaron que desde el a\u00f1o 2016, las importaciones en rubros de alimentos crecieron respecto al 2015.<\/p>\n<p>&nbsp;<\/p>\n<p>&#8220;De 282 millones de d\u00f3lares utilizados para importar en el a\u00f1o 2015 pasamos a utilizar 377 millones de d\u00f3lares, es decir un incremento acumulado del 34%&#8221;, dijeron.<\/p>\n<p>&nbsp;<\/p>\n<p>Manifestaron que las importaciones crecieron en promedio un 23% en el per\u00edodo 2016-2017, con una preponderancia de leches y productos l\u00e1cteos, en un incremento del 175%.<\/p>\n<p>&nbsp;<\/p>\n<p>Respecto al rubro de alimentos de origen vegetal, aparte de o la batata, zanahoria y las naranjas &#8220;tenemos que se increment\u00f3 en m\u00e1s de 629 veces la cantidad importada de cebolla en 2017 respecto a 2015&#8221;.<\/p>\n<p>&nbsp;<\/p>\n<p>&#8220;La actividad hort\u00edcola en comparaci\u00f3n con el sector agropecuario en su totalidad, demanda 30 veces m\u00e1s mano de obra, 20 veces m\u00e1s uso de insumos y 15 veces m\u00e1s inversi\u00f3n en maquinaria y equipos por unidad de superficie&#8221;, evaluaron.<\/p>\n<p>&nbsp;<\/p>\n<p>En un segundo plano destacaron que la producci\u00f3n de hortalizas y legumbres, sin elaborar, absorben m\u00e1s del 36% de la mano de obra del sector de producci\u00f3n primaria (incluye entre otros a los pescados y mariscos, frutas, hortalizas, miel, tabaco, cereales y oleaginosas) &#8220;y esto sin contar el n\u00famero de trabajadores en el resto de la cadena de valor&#8221;.<\/p>\n","protected":false},"excerpt":{"rendered":"<p>Seg\u00fan un informe privado, que en la nueva pol\u00edtica de gesti\u00f3n del comercio exterior la apertura econ\u00f3mica impacta a los peque\u00f1os productores locales &nbsp; &nbsp; &nbsp; El Centro de Estudios Econ\u00f3micos y Sociales Scalabrini Ortiz (CESO), en su segundo Informe de la Econom\u00eda Popular, consider\u00f3 que en la nueva pol\u00edtica de gesti\u00f3n del comercio exterior la apertura econ\u00f3mica, con fuerte aumento de las importaciones, llega a los alimentos y sus efectos impactan a los peque\u00f1os productores que son quienes los producen. &nbsp; En el per\u00edodo analizado, enero a mayo de&#8230;<\/p>\n","protected":false},"author":3,"featured_media":18139,"comment_status":"closed","ping_status":"closed","sticky":false,"template":"","format":"standard","meta":[],"categories":[9,2],"tags":[],"_links":{"self":[{"href":"https:\/\/www.actualidadadiario.com\/index.php\/wp-json\/wp\/v2\/posts\/18138"}],"collection":[{"href":"https:\/\/www.actualidadadiario.com\/index.php\/wp-json\/wp\/v2\/posts"}],"about":[{"href":"https:\/\/www.actualidadadiario.com\/index.php\/wp-json\/wp\/v2\/types\/post"}],"author":[{"embeddable":true,"href":"https:\/\/www.actualidadadiario.com\/index.php\/wp-json\/wp\/v2\/users\/3"}],"replies":[{"embeddable":true,"href":"https:\/\/www.actualidadadiario.com\/index.php\/wp-json\/wp\/v2\/comments?post=18138"}],"version-history":[{"count":1,"href":"https:\/\/www.actualidadadiario.com\/index.php\/wp-json\/wp\/v2\/posts\/18138\/revisions"}],"predecessor-version":[{"id":18140,"href":"https:\/\/www.actualidadadiario.com\/index.php\/wp-json\/wp\/v2\/posts\/18138\/revisions\/18140"}],"wp:featuredmedia":[{"embeddable":true,"href":"https:\/\/www.actualidadadiario.com\/index.php\/wp-json\/wp\/v2\/media\/18139"}],"wp:attachment":[{"href":"https:\/\/www.actualidadadiario.com\/index.php\/wp-json\/wp\/v2\/media?parent=18138"}],"wp:term":[{"taxonomy":"category","embeddable":true,"href":"https:\/\/www.actualidadadiario.com\/index.php\/wp-json\/wp\/v2\/categories?post=18138"},{"taxonomy":"post_tag","embeddable":true,"href":"https:\/\/www.actualidadadiario.com\/index.php\/wp-json\/wp\/v2\/tags?post=18138"}],"curies":[{"name":"wp","href":"https:\/\/api.w.org\/{rel}","templated":true}]}}