{"id":18135,"date":"2017-10-02T10:25:38","date_gmt":"2017-10-02T13:25:38","guid":{"rendered":"http:\/\/actualidadadiario.com\/site\/?p=18135"},"modified":"2017-10-02T10:25:38","modified_gmt":"2017-10-02T13:25:38","slug":"el-titular-del-cge-anticipo-que-sumaran-horas-en-las-aulas-a-partir-de-2018","status":"publish","type":"post","link":"https:\/\/www.actualidadadiario.com\/index.php\/2017\/10\/02\/el-titular-del-cge-anticipo-que-sumaran-horas-en-las-aulas-a-partir-de-2018\/","title":{"rendered":"El titular del CGE anticip\u00f3 que sumar\u00e1n horas en las aulas a partir de 2018"},"content":{"rendered":"<p><em><strong>Jos\u00e9 Luis Panozzo adelant\u00f3 que &#8220;a partir de 2018, habr\u00e1 experiencias de una hora m\u00e1s en el Nivel Inicial, en los 17 departamentos, en aquellas escuelas que tengan las condiciones adecuadas&#8221;, asegur\u00f3 el titular del CGE<\/strong><\/em><\/p>\n<p>&nbsp;<\/p>\n<p>&nbsp;<\/p>\n<p>&nbsp;<\/p>\n<p>&#8220;El calendario escolar en la provincia se respetar\u00e1 tal como fue establecido&#8221;, respondi\u00f3 el titulardel CGE, Jos\u00e9 Luis Panozzo, ante la consulta si se eval\u00faan o no cambios o extensi\u00f3n, teniendo en cuenta que la provincia de Santa Fe decidi\u00f3 d\u00edas atr\u00e1s ampliar el dictado de clases hasta el d\u00eda 22 de diciembre, para completar los d\u00edas perdidos por el paro docente en el marco de las paritarias de la primera mitad del a\u00f1o. Las mesas de ex\u00e1menes quedar\u00e1n entre las fiestas de fin de a\u00f1o.<\/p>\n<p>&nbsp;<\/p>\n<p>&nbsp;<\/p>\n<p><strong>Ratificaci\u00f3n del ciclo lectivo<\/strong><\/p>\n<p>&#8220;No hay motivo para cambiar el calendario&#8221;, reafirm\u00f3 Panozzo . Por esa raz\u00f3n, se mantiene la fecha del calendario hasta el 15 de diciembre, aunque en la pr\u00e1ctica, muchas escuelas comienzan a liberar d\u00edas antes a los ni\u00f1os que promovieron todas las materias.<\/p>\n<p>&nbsp;<\/p>\n<p>Incluso en aquellos establecimientos donde no hubo paros, el ciclo lectivo no completar\u00e1 los 180 d\u00edas de clases.<\/p>\n<p>&nbsp;<\/p>\n<p>&nbsp;<\/p>\n<p><strong>Revisi\u00f3n del sistema<\/strong><\/p>\n<p>Al mismo tiempo que el CGE se propone iniciar un camino de transformaci\u00f3n de la mano de las nuevas tecnolog\u00edas, a partir del aspecto b\u00e1sico de llegar con el servicio de Internet a todas las escuelas, otra de las prioridades para el a\u00f1o pr\u00f3ximo ser\u00e1 el proceso de ampliaci\u00f3n horaria en todos los niveles educativos.<\/p>\n<p>&nbsp;<\/p>\n<p>&#8220;Hay planes nacionales en marcha como Escuelas 2030 o Escuelas del Futuro, donde las 24 jurisdicciones del pa\u00eds coincidimos que hay que revisar el sistema, por ejemplo en el secundario. No es un cambio de curr\u00edcula, pero s\u00ed, de acuerdo con los resultados del operativo Aprender 2016, coincidimos en que algunas cuestiones tenemos que revisar&#8221;, marc\u00f3.<\/p>\n<p>&nbsp;<\/p>\n<p>&nbsp;<\/p>\n<p><strong>Nuevos contenidos<\/strong><\/p>\n<p>Esos programas prev\u00e9n la incorporaci\u00f3n de nuevos contenidos, como Rob\u00f3tica, Programaci\u00f3n, la formaci\u00f3n a trav\u00e9s de entornos virtuales, previa capacitaci\u00f3n, ensayando nuevos modelos pedag\u00f3gicos. Para eso, el Estado nacional promete distribuir los recursos y equipamiento, iniciando con un grupo de escuelas de cada jurisdicci\u00f3n, en los pr\u00f3ximos meses. Para ello, Panozzo se mostr\u00f3 cauteloso porque dijo, primero hay que garantizar la conectividad, y tambi\u00e9n la capacitaci\u00f3n previa de los docentes.<\/p>\n<p>&nbsp;<\/p>\n<p>&nbsp;<\/p>\n<p><strong>Ampliaci\u00f3n horaria<\/strong><\/p>\n<p>En cambio, insisti\u00f3 en el aumento de las horas en las aulas, siguiendo la l\u00ednea del Ministerio de Educaci\u00f3n de la Naci\u00f3n, pero con la impronta de Entre R\u00edos, dijo.<\/p>\n<p>&nbsp;<\/p>\n<p>&#8220;En nuestra provincia tenemos avances en la jornada extendida, que se ha ido extendiendo en el formato Nina en las escuelas primarias: ya no solo tenemos en las escuelas p\u00fablicas, sino tambi\u00e9n en otras de gesti\u00f3n privada. Lo mismo sucede en el nivel secundario, que ya empezamos a implementar este a\u00f1o. Y a partir de 2018, habr\u00e1 experiencias de una hora m\u00e1s en el Nivel Inicial, en los 17 departamentos, en aquellas escuelas que tengan las condiciones adecuadas&#8221;, remarc\u00f3.<\/p>\n","protected":false},"excerpt":{"rendered":"<p>Jos\u00e9 Luis Panozzo adelant\u00f3 que &#8220;a partir de 2018, habr\u00e1 experiencias de una hora m\u00e1s en el Nivel Inicial, en los 17 departamentos, en aquellas escuelas que tengan las condiciones adecuadas&#8221;, asegur\u00f3 el titular del CGE &nbsp; &nbsp; &nbsp; &#8220;El calendario escolar en la provincia se respetar\u00e1 tal como fue establecido&#8221;, respondi\u00f3 el titulardel CGE, Jos\u00e9 Luis Panozzo, ante la consulta si se eval\u00faan o no cambios o extensi\u00f3n, teniendo en cuenta que la provincia de Santa Fe decidi\u00f3 d\u00edas atr\u00e1s ampliar el dictado de clases hasta el d\u00eda 22&#8230;<\/p>\n","protected":false},"author":3,"featured_media":18136,"comment_status":"closed","ping_status":"closed","sticky":false,"template":"","format":"standard","meta":[],"categories":[15],"tags":[],"_links":{"self":[{"href":"https:\/\/www.actualidadadiario.com\/index.php\/wp-json\/wp\/v2\/posts\/18135"}],"collection":[{"href":"https:\/\/www.actualidadadiario.com\/index.php\/wp-json\/wp\/v2\/posts"}],"about":[{"href":"https:\/\/www.actualidadadiario.com\/index.php\/wp-json\/wp\/v2\/types\/post"}],"author":[{"embeddable":true,"href":"https:\/\/www.actualidadadiario.com\/index.php\/wp-json\/wp\/v2\/users\/3"}],"replies":[{"embeddable":true,"href":"https:\/\/www.actualidadadiario.com\/index.php\/wp-json\/wp\/v2\/comments?post=18135"}],"version-history":[{"count":1,"href":"https:\/\/www.actualidadadiario.com\/index.php\/wp-json\/wp\/v2\/posts\/18135\/revisions"}],"predecessor-version":[{"id":18137,"href":"https:\/\/www.actualidadadiario.com\/index.php\/wp-json\/wp\/v2\/posts\/18135\/revisions\/18137"}],"wp:featuredmedia":[{"embeddable":true,"href":"https:\/\/www.actualidadadiario.com\/index.php\/wp-json\/wp\/v2\/media\/18136"}],"wp:attachment":[{"href":"https:\/\/www.actualidadadiario.com\/index.php\/wp-json\/wp\/v2\/media?parent=18135"}],"wp:term":[{"taxonomy":"category","embeddable":true,"href":"https:\/\/www.actualidadadiario.com\/index.php\/wp-json\/wp\/v2\/categories?post=18135"},{"taxonomy":"post_tag","embeddable":true,"href":"https:\/\/www.actualidadadiario.com\/index.php\/wp-json\/wp\/v2\/tags?post=18135"}],"curies":[{"name":"wp","href":"https:\/\/api.w.org\/{rel}","templated":true}]}}