{"id":18132,"date":"2017-10-02T10:24:55","date_gmt":"2017-10-02T13:24:55","guid":{"rendered":"http:\/\/actualidadadiario.com\/site\/?p=18132"},"modified":"2017-10-02T10:24:55","modified_gmt":"2017-10-02T13:24:55","slug":"es-el-juicio-mas-importante-de-la-historia-de-entre-rios-dijo-bahillo-sobre-la-disputa-por-los-fondos-coparticipables","status":"publish","type":"post","link":"https:\/\/www.actualidadadiario.com\/index.php\/2017\/10\/02\/es-el-juicio-mas-importante-de-la-historia-de-entre-rios-dijo-bahillo-sobre-la-disputa-por-los-fondos-coparticipables\/","title":{"rendered":"\u201cEs el juicio m\u00e1s importante de la historia de Entre R\u00edos\u201d, dijo Bahillo sobre la disputa por los fondos coparticipables"},"content":{"rendered":"<p><em><strong>El candidato a diputado nacional por la lista Somos Entre R\u00edos, Juan Jos\u00e9 Bahillo, se refiri\u00f3 a la disputa que hay entre el Gobierno de Mar\u00eda Eugenia Vidal y el resto de los distritos por los fondos coparticipables. \u201cSe trata del juicio m\u00e1s importante que enfrenta el Estado entrerriano en su historia en t\u00e9rminos econ\u00f3micos\u201d, asever\u00f3 Bahillo<\/strong><\/em><\/p>\n<p>&nbsp;<\/p>\n<p>&nbsp;<\/p>\n<p>&nbsp;<\/p>\n<p>Bahillo difundi\u00f3 una columna opini\u00f3n titulada \u201cEntre R\u00edos exige igualdad ante la injusticia\u201d en la que destac\u00f3 la necesidad de que Entre R\u00edos contin\u00fae avanzando contra el reclamo que hizo la provincia de Buenos Aires por fondos coparticipables.<\/p>\n<p>&nbsp;<\/p>\n<p>En este marco, Bahillo sostuvo: \u201cEntre R\u00edos est\u00e1 dando una pelea hist\u00f3rica por sus recursos, por sus derechos. Y en esta contienda, necesitamos unirnos para fortalecernos. Entre R\u00edos est\u00e1 defendiendo sus derechos de la embestida de la provincia de Buenos Aires, que interpuso una demanda en la Justicia por el Fondo de Reparaci\u00f3n Hist\u00f3rica del Conurbano Bonaerense\u201d.<\/p>\n<p>&nbsp;<\/p>\n<p>\u201cSe trata del juicio m\u00e1s importante que enfrenta el Estado entrerriano en su historia en t\u00e9rminos econ\u00f3micos, ya que existe la posibilidad de que la provincia pierda 3.500 millones de pesos en el 2017 y 4.100 en el 2018. A su vez, el reclamo retroactivo contra Entre R\u00edos asciende a los 18.000 millones de pesos\u201d, afirm\u00f3.<\/p>\n<p>&nbsp;<\/p>\n<p>\u201cEl objetivo del Estado bonaerense es que la Justicia declare inconstitucional el techo de 650 millones de pesos anuales (o hasta el 10 por ciento de la recaudaci\u00f3n) para la coparticipaci\u00f3n del Impuesto a las Ganancias que le corresponde a esa provincia. De prosperar este planteo, nuestra provincia (al igual que el resto de las distritos) se ver\u00edan seriamente afectada en sus finanzas\u201d, explic\u00f3 Bahillo.<\/p>\n<p>&nbsp;<\/p>\n<p>En este sentido, record\u00f3 que \u201cEntre R\u00edos rechaza esta demanda del Gobierno de la Provincia de Buenos Aires y exige que sea el Congreso de la Naci\u00f3n -y no el Poder Judicial- el \u00e1mbito en el que se discuta un nuevo r\u00e9gimen de coparticipaci\u00f3n\u201d.<\/p>\n<p>&nbsp;<\/p>\n<p>\u201cConsideramos\u00a0 es momento de convocar a un debate serio que resuelva los conflictos de fondo que existen en torno a la distribuci\u00f3n de los recursos entre las provincias. Es necesario un debate pol\u00edtico que de c\u00f3mo resultado una Ley de Coparticipaci\u00f3n que nos de previsibilidad\u201d, asever\u00f3 el candidato a diputado nacional.<\/p>\n<p>&nbsp;<\/p>\n<p>Luego manifest\u00f3: \u201cLos entrerrianos damos m\u00e1s de lo que recibimos. En muchos aspectos, nuestra provincia est\u00e1 hoy en desigualdad de condiciones con respecto a Buenos Aires. Nos cuesta m\u00e1s caro acceder a servicios b\u00e1sicos como la luz, el gas y el transporte, aun cuando, como en el caso de la energ\u00eda el\u00e9ctrica, somos productores. Sin embargo, en Buenos Aires, pagan m\u00e1s barata la energ\u00eda que nosotros producimos. Estos desfasajes, estas injusticias, tienen que empezar a ser tenidos en cuenta\u201d.<\/p>\n<p>&nbsp;<\/p>\n<p>\u201cComo se\u00f1ala la defensa de Entre R\u00edos en la Corte, \u2018Buenos Aires exige un trato preferencial para s\u00ed y sus habitantes\u2019. Pero todos los argentinos merecemos vivir en igualdad de condiciones, y acceder a la misma calidad de vida en cualquier lugar de la Argentina: la misma intervenci\u00f3n activa del Estado para la satisfacci\u00f3n de derechos y necesidades b\u00e1sicas\u201d, indic\u00f3.<\/p>\n<p>&nbsp;<\/p>\n<p>\u201cSi prospera el planteo de la provincia de Buenos Aires, Entre R\u00edos se ver\u00eda en una situaci\u00f3n complicada, porque con ese dinero se pagan sueldos, se prestan servicios b\u00e1sicos de salud, de educaci\u00f3n, de desarrollo social. Y tambi\u00e9n se hace obra p\u00fablica\u201d, advirti\u00f3, al tiempo que enfatiz\u00f3: \u201cNuestra propuesta exige igualdad ante la injusticia\u201d.<\/p>\n<p>&nbsp;<\/p>\n<p>\u201cLos entrerrianos tenemos -en menos de un mes- la posibilidad de elegir a los representantes que defiendan los intereses de la provincia en el Congreso y tenemos la oportunidad de ponerle un freno a este atropello para defender lo que es de todos. Nuestros recursos, nuestro futuro\u201d, expres\u00f3 por \u00faltimo.<\/p>\n","protected":false},"excerpt":{"rendered":"<p>El candidato a diputado nacional por la lista Somos Entre R\u00edos, Juan Jos\u00e9 Bahillo, se refiri\u00f3 a la disputa que hay entre el Gobierno de Mar\u00eda Eugenia Vidal y el resto de los distritos por los fondos coparticipables. \u201cSe trata del juicio m\u00e1s importante que enfrenta el Estado entrerriano en su historia en t\u00e9rminos econ\u00f3micos\u201d, asever\u00f3 Bahillo &nbsp; &nbsp; &nbsp; Bahillo difundi\u00f3 una columna opini\u00f3n titulada \u201cEntre R\u00edos exige igualdad ante la injusticia\u201d en la que destac\u00f3 la necesidad de que Entre R\u00edos contin\u00fae avanzando contra el reclamo que hizo&#8230;<\/p>\n","protected":false},"author":3,"featured_media":18133,"comment_status":"closed","ping_status":"closed","sticky":false,"template":"","format":"standard","meta":[],"categories":[15],"tags":[],"_links":{"self":[{"href":"https:\/\/www.actualidadadiario.com\/index.php\/wp-json\/wp\/v2\/posts\/18132"}],"collection":[{"href":"https:\/\/www.actualidadadiario.com\/index.php\/wp-json\/wp\/v2\/posts"}],"about":[{"href":"https:\/\/www.actualidadadiario.com\/index.php\/wp-json\/wp\/v2\/types\/post"}],"author":[{"embeddable":true,"href":"https:\/\/www.actualidadadiario.com\/index.php\/wp-json\/wp\/v2\/users\/3"}],"replies":[{"embeddable":true,"href":"https:\/\/www.actualidadadiario.com\/index.php\/wp-json\/wp\/v2\/comments?post=18132"}],"version-history":[{"count":1,"href":"https:\/\/www.actualidadadiario.com\/index.php\/wp-json\/wp\/v2\/posts\/18132\/revisions"}],"predecessor-version":[{"id":18134,"href":"https:\/\/www.actualidadadiario.com\/index.php\/wp-json\/wp\/v2\/posts\/18132\/revisions\/18134"}],"wp:featuredmedia":[{"embeddable":true,"href":"https:\/\/www.actualidadadiario.com\/index.php\/wp-json\/wp\/v2\/media\/18133"}],"wp:attachment":[{"href":"https:\/\/www.actualidadadiario.com\/index.php\/wp-json\/wp\/v2\/media?parent=18132"}],"wp:term":[{"taxonomy":"category","embeddable":true,"href":"https:\/\/www.actualidadadiario.com\/index.php\/wp-json\/wp\/v2\/categories?post=18132"},{"taxonomy":"post_tag","embeddable":true,"href":"https:\/\/www.actualidadadiario.com\/index.php\/wp-json\/wp\/v2\/tags?post=18132"}],"curies":[{"name":"wp","href":"https:\/\/api.w.org\/{rel}","templated":true}]}}