{"id":18129,"date":"2017-10-02T10:24:08","date_gmt":"2017-10-02T13:24:08","guid":{"rendered":"http:\/\/actualidadadiario.com\/site\/?p=18129"},"modified":"2017-10-02T10:24:08","modified_gmt":"2017-10-02T13:24:08","slug":"entre-rios-adhirio-al-protocolo-nacional-de-aborto-no-punible","status":"publish","type":"post","link":"https:\/\/www.actualidadadiario.com\/index.php\/2017\/10\/02\/entre-rios-adhirio-al-protocolo-nacional-de-aborto-no-punible\/","title":{"rendered":"Entre R\u00edos adhiri\u00f3 al protocolo nacional de aborto no punible"},"content":{"rendered":"<p><em><strong>Entre R\u00edos adhiri\u00f3 a la normativa nacional que establece el Protocolo de Atenci\u00f3n Integral de las Personas con Derecho a la Interrupci\u00f3n Legal del Embarazo (ILE). As\u00ed se resolvi\u00f3 a trav\u00e9s de la Resoluci\u00f3n 2883 del 29 de agosto de 2017, firmado por la ministra de Salud Sonia Vel\u00e1zquez<\/strong><\/em><\/p>\n<p>&nbsp;<\/p>\n<p>&nbsp;<\/p>\n<p>&nbsp;<\/p>\n<p>&nbsp;<\/p>\n<p>La disposici\u00f3n, que ya tiene casi un mes, establece en su Art\u00edculo 1\u00ba la revocaci\u00f3n de la Resoluci\u00f3n N\u00ba794\/12 que dispone la Gu\u00eda de Procedimientos para la Atenci\u00f3n de Pacientes que Soliciten Pr\u00e1cticas de Aborto No Punible; y en su Art\u00edculo 2\u00ba Adherir al Protocolo ILE, del a\u00f1o 2015 de la cartera sanitaria nacional.<\/p>\n<p>&nbsp;<\/p>\n<p>En los considerandos de la resoluci\u00f3n se establece que \u201cla necesidad de normalizar los instrumentos que garanticen el derecho a la salud de las mujeres que eviten que se pongan en riesgo numerosos derechos humanos como la igualdad, la autodeterminaci\u00f3n, la privacidad, el principio de legalidad y la no discriminaci\u00f3n, con el objeto de brindar atenci\u00f3n integral y oportuna en el marco de la confidencialidad y el respeto de sus derechos sexuales y reproductivos, como parte fundamental de los derechos humanos\u201d.<\/p>\n<p>&nbsp;<\/p>\n<p>Y se agrega que \u201cmediante resoluci\u00f3n 974\/12 MS, el Ministerio de Salud de la Provincia aprob\u00f3 una Gu\u00eda de Procedimientos para la atenci\u00f3n de pacientes que soliciten pr\u00e1cticas de abortos no punibles; que en virtud de la vigencia del Protocolo de Atenci\u00f3n Integral de las Personas con Derecho a la Interrupci\u00f3n Ilegal del Embarazo (Gu\u00eda ILE) dictado por el Ministerio de Salud de la Naci\u00f3n en el a\u00f1o 2015, de aplicaci\u00f3n obligatoria en todo el territorio argentino, dicha Resoluci\u00f3n debe ser revocada\u201d, se precis\u00f3.<\/p>\n<p>&nbsp;<\/p>\n<p>Asimismo, se plante\u00f3 que \u201cla Corte Suprema de Justicia de la Naci\u00f3n ha dictado sentencia en la causa \u2018F.A.L. s\/Medida Autosatisfactiva\u2019, sosteniendo que el Art\u00edculo 86\u00ba Inciso 2 del C\u00f3digo Penal de la Naci\u00f3n establece que \u2018el aborto practicado por un m\u00e9dico diplomado con el consentimiento de la mujer encinta, no es punible (\u2026) si el embarazo proviene de una violaci\u00f3n\u2019, sea esta o no incapaz y exhorta \u2018a las autoridades (\u2026) con competencia en la materia, a implementar y hacer operativos, mediante normativa del m\u00e1s alto nivel (\u2026) protocolos hospitalarios para la concreta atenci\u00f3n de abortos no punibles y para la asistencia integral de toda v\u00edctima de violencia sexual\u201d.<\/p>\n<p>&nbsp;<\/p>\n<p>Se agrega en los considerandos de la resoluci\u00f3n del Ministerio de Salud de la Provincia que \u201cnuestro pa\u00eds ha ratificado numerosos tratados de derechos humanos con jerarqu\u00eda constitucional -Art\u00edculo 75\u00ba Inciso 22 de nuestra Constituci\u00f3n Nacional-, en los que se destacan la Convenci\u00f3n Interamericana de Derechos Humanos, la Convenci\u00f3n para la Eliminaci\u00f3n de Todas las Formas de Discriminaci\u00f3n contra la Mujer y la Convenci\u00f3n Bel\u00e9n do Par\u00e1\u2026\u201d.<\/p>\n","protected":false},"excerpt":{"rendered":"<p>Entre R\u00edos adhiri\u00f3 a la normativa nacional que establece el Protocolo de Atenci\u00f3n Integral de las Personas con Derecho a la Interrupci\u00f3n Legal del Embarazo (ILE). As\u00ed se resolvi\u00f3 a trav\u00e9s de la Resoluci\u00f3n 2883 del 29 de agosto de 2017, firmado por la ministra de Salud Sonia Vel\u00e1zquez &nbsp; &nbsp; &nbsp; &nbsp; La disposici\u00f3n, que ya tiene casi un mes, establece en su Art\u00edculo 1\u00ba la revocaci\u00f3n de la Resoluci\u00f3n N\u00ba794\/12 que dispone la Gu\u00eda de Procedimientos para la Atenci\u00f3n de Pacientes que Soliciten Pr\u00e1cticas de Aborto No Punible;&#8230;<\/p>\n","protected":false},"author":3,"featured_media":18130,"comment_status":"closed","ping_status":"closed","sticky":false,"template":"","format":"standard","meta":[],"categories":[9,15],"tags":[],"_links":{"self":[{"href":"https:\/\/www.actualidadadiario.com\/index.php\/wp-json\/wp\/v2\/posts\/18129"}],"collection":[{"href":"https:\/\/www.actualidadadiario.com\/index.php\/wp-json\/wp\/v2\/posts"}],"about":[{"href":"https:\/\/www.actualidadadiario.com\/index.php\/wp-json\/wp\/v2\/types\/post"}],"author":[{"embeddable":true,"href":"https:\/\/www.actualidadadiario.com\/index.php\/wp-json\/wp\/v2\/users\/3"}],"replies":[{"embeddable":true,"href":"https:\/\/www.actualidadadiario.com\/index.php\/wp-json\/wp\/v2\/comments?post=18129"}],"version-history":[{"count":1,"href":"https:\/\/www.actualidadadiario.com\/index.php\/wp-json\/wp\/v2\/posts\/18129\/revisions"}],"predecessor-version":[{"id":18131,"href":"https:\/\/www.actualidadadiario.com\/index.php\/wp-json\/wp\/v2\/posts\/18129\/revisions\/18131"}],"wp:featuredmedia":[{"embeddable":true,"href":"https:\/\/www.actualidadadiario.com\/index.php\/wp-json\/wp\/v2\/media\/18130"}],"wp:attachment":[{"href":"https:\/\/www.actualidadadiario.com\/index.php\/wp-json\/wp\/v2\/media?parent=18129"}],"wp:term":[{"taxonomy":"category","embeddable":true,"href":"https:\/\/www.actualidadadiario.com\/index.php\/wp-json\/wp\/v2\/categories?post=18129"},{"taxonomy":"post_tag","embeddable":true,"href":"https:\/\/www.actualidadadiario.com\/index.php\/wp-json\/wp\/v2\/tags?post=18129"}],"curies":[{"name":"wp","href":"https:\/\/api.w.org\/{rel}","templated":true}]}}