{"id":18126,"date":"2017-10-02T10:23:11","date_gmt":"2017-10-02T13:23:11","guid":{"rendered":"http:\/\/actualidadadiario.com\/site\/?p=18126"},"modified":"2017-10-02T10:23:11","modified_gmt":"2017-10-02T13:23:11","slug":"la-salud-la-educacion-la-ninez-y-el-trabajo-no-admiten-divisiones","status":"publish","type":"post","link":"https:\/\/www.actualidadadiario.com\/index.php\/2017\/10\/02\/la-salud-la-educacion-la-ninez-y-el-trabajo-no-admiten-divisiones\/","title":{"rendered":"&#8220;La salud, la educaci\u00f3n, la ni\u00f1ez y el trabajo no admiten divisiones&#8221;"},"content":{"rendered":"<p><em><strong>\u201cLa clave para tener \u00e9xito en las pol\u00edticas p\u00fablicas que nos fijamos, es atender el tejido social y trabajar fuertemente con pol\u00edticas universales que tiendan a ver el todo en un problema\u201d, expres\u00f3 el gobernador Gustavo Bordet<\/strong><\/em><\/p>\n<p>&nbsp;<\/p>\n<p>&nbsp;<\/p>\n<p>&nbsp;<\/p>\n<p>Al cerrar el XVI Congreso Nacional sobre valores, pensamiento cr\u00edtico y tejido social organizado por Asociaci\u00f3n Cristina de J\u00f3venes de la Rep\u00fablica Argentina, el gobernador Bordet expres\u00f3 que \u201cla clave para tener \u00e9xito en las pol\u00edticas p\u00fablicas que nos fijamos, es atender el tejido social y trabajar fuertemente con pol\u00edticas universales que tiendan a ver el todo en un problema\u201d.<\/p>\n<p>&nbsp;<\/p>\n<p>&#8220;Nuestras sociedad, nuestro pa\u00eds ha avanzado y avanza mucho. Hay derechos que se establecieron y que hoy resulta inaceptable vivir sin ellos, son cuestiones que tienen que ver con la vulnerabilidad de la ni\u00f1ez, los abusos, la violencia de g\u00e9nero. De eso casi no se hablaba hace algunas d\u00e9cadas, y no era que no exist\u00edan. Lo que era peor, se toleraban o se aceptaban\u201d, afirm\u00f3 Bordet.<\/p>\n<p>&nbsp;<\/p>\n<p>Asegur\u00f3 que \u201chay cuestiones que no admiten divisiones. Nadie puede tener posiciones encontradas con salud, educaci\u00f3n, ni\u00f1ez y trabajo. Son cosas que atraviesan a todos por igual, independientemente del pensamiento, del partido pol\u00edtico, del sector y segmento social que se pueda pertenecer. Este es el gran punto de encuentro que tenemos que tener todos los argentinos para poder empezar a transitar a una sociedad mejor&#8221;, concluy\u00f3.<\/p>\n<p>&nbsp;<\/p>\n<p>El mandatario entrerriano, junto al titular de la Asociaci\u00f3n Cristina de J\u00f3venes, Eduardo Ibichian, y la presidenta de la Academia Nacional de Educaci\u00f3n, Beatriz Balian, dijo en la sede la UCA, en la Ciudad Aut\u00f3noma de Buenos Aires, tener \u201cesperanza que en nuestro pa\u00eds podremos vivir en una sociedad cada vez mejor\u201d.<\/p>\n<p>&nbsp;<\/p>\n<p>\u201cEsto depende en gran medida de quienes tenemos responsabilidades de gobierno, pero tambi\u00e9n de la sociedad civil, de c\u00f3mo se articula, de c\u00f3mo se generan estas pol\u00edticas p\u00fablicas de encuentros, de fijarnos objetivos y metas comunes\u201d,<\/p>\n<p>&nbsp;<\/p>\n<p>&#8220;Estar presente en este Congreso, debatiendo y analizando, resulta importante para las decisiones que tenemos que tomar. Es un aporte importante para nutrirnos de los elementos a la hora de aprender de la problem\u00e1tica que se nos presenta&#8221;, se\u00f1al\u00f3. Insisti\u00f3 luego que &#8220;resulta imperioso trabajar en ni\u00f1ez y tener las posibilidad de que puedan crecer y desarrollarse con la plenitud de sus aptitudes. Este es el gran desaf\u00edo que tenemos&#8221;.<\/p>\n<p>&nbsp;<\/p>\n<p>Se refiri\u00f3 a los juzgados de familia al definir como &#8220;interesante el crecimiento que han tenido estos juzgados en la provincia de Entre R\u00edos. Antes pr\u00e1cticamente no exist\u00edan, y hoy cada ciudad demanda un juzgado de familia para atender casos de ni\u00f1ez, casos de violencia de g\u00e9nero, entre otros&#8221;.<\/p>\n<p>&nbsp;<\/p>\n<p>&nbsp;<\/p>\n<p><strong>Educaci\u00f3n, trabajo, ni\u00f1ez y salud<\/strong><\/p>\n<p>&#8220;Entendemos que en una sociedad donde cada vez avanzamos hacia el conocimiento, la educaci\u00f3n es un lugar central en una tarea de gobierno porque si logramos tener una educaci\u00f3n de excelencia, tendremos nuestros pueblos en condiciones de acceder a los lugares de trabajo mejor remunerados en el futuro. Por eso se relaciona educaci\u00f3n con trabajo&#8221;, remarc\u00f3 el mandatario.<\/p>\n<p>&nbsp;<\/p>\n<p>Hizo menci\u00f3n luego a la relaci\u00f3n de la educaci\u00f3n con la salud y la ni\u00f1ez. En ese sentido, Bordet asegur\u00f3 que &#8220;tienen que ver con la inclusi\u00f3n social porque la familia que no tiene la posibilidad de tener una alimentaci\u00f3n adecuada y los controles sanitarios necesarios durante esta \u00e9poca que es clave para el desarrollo, indefectiblemente no podr\u00e1n acceder a la educaci\u00f3n porque no existir\u00e1n las condiciones objetivas para ello&#8221;, analiz\u00f3.<\/p>\n<p>&nbsp;<\/p>\n<p>&#8220;Cuando hablamos de la interrelaci\u00f3n de estos conceptos es inevitable vincularlo con el desarrollo. Desarrollo que en gestiones de gobierno siempre se piensa en lo macro, en lo econ\u00f3mico, pero en realidad el desarrollo es el conjunto de una sociedad, el como una sociedad avanza y se posiciona frente a los nuevos desaf\u00edos. No hay desarrollo econ\u00f3mico si no hay desarrollo humano&#8221;, concluy\u00f3.<\/p>\n<p>&nbsp;<\/p>\n<p>&nbsp;<\/p>\n<p><strong>Estado y sociedad civil<\/strong><\/p>\n<p>Desde la Asociaci\u00f3n Cristina de J\u00f3venes de la Rep\u00fablica Argentina se sostiene que Entre R\u00edos es un ejemplo de c\u00f3mo se debe llevar adelante una tarea, tratando con todos los sectores de la sociedad e incluyendo b\u00e1sicamente a las organizaciones de la sociedad civil.<\/p>\n<p>&nbsp;<\/p>\n<p>El secretario general de esta entidad, Norberto Rodr\u00edguez, asegur\u00f3 que \u201csiempre hemos recibido el apoyo y el est\u00edmulo de Bordet como intendente y ahora como gobernador. Esto para nosotros es muy importante porque la \u00fanica manera de generar programas que sirvan a la comunidad cuando se articula tambi\u00e9n con el Estado. En este caso, la provincia de Entre R\u00edos es un ejemplo&#8221;, insisti\u00f3.<\/p>\n<p>&nbsp;<\/p>\n<p>&#8220;La Asociaci\u00f3n Cristiana de J\u00f3venes tiene una sede en Entre R\u00edos con base en Concordia, y no tiene ning\u00fan af\u00e1n de lucro, sino que apuntamos a la posibilidad de desarrollarse para servir la comunidad local. Quer\u00eda destacarlo porque es un gesto de lo que no abundan. Debieran abundar, pero en el caso del contador Bordet ha sido claro&#8221;, remarc\u00f3.<\/p>\n<p>&nbsp;<\/p>\n<p>&nbsp;<\/p>\n<p><strong>El congreso<\/strong><\/p>\n<p>El XVI Congreso Nacional sobre Valores, pensamiento cr\u00edtico y tejido social, tuvo cuatro ejes claves en los temas de educaci\u00f3n, ni\u00f1ez, salud y trabajo. Todo ello vinculado a la generaci\u00f3n de pol\u00edticas de Estado, basadas fundamentalmente en la inclusi\u00f3n.<\/p>\n<p>&nbsp;<\/p>\n<p>Participaron j\u00f3venes y adultos provenientes de instituciones p\u00fablicas y privadas, universidades, empresas, colegios profesionales, c\u00e1maras empresariales, iglesias y movimientos ecum\u00e9nicos, organizaciones de la sociedad civil, medios de comunicaci\u00f3n y organismos del Estado.<\/p>\n<p>&nbsp;<\/p>\n<p>&nbsp;<\/p>\n<p><strong>La Asociaci\u00f3n<\/strong><\/p>\n<p>La Asociaci\u00f3n Cristiana de J\u00f3venes YMCA es una instituci\u00f3n de la sociedad civil creada en Europa a mediados del Siglo XIX. Tiene 58 millones de miembros en 130 pa\u00edses. La sigla YMCA simplifica la Young Men&#8217;s Christian Association. Se estableci\u00f3 en el nuestro en 1902 donde agrupa m\u00e1s de 21.000 personas entre l\u00edderes, voluntarios, asociados, estudiantes, participantes de actividades y equipo profesional.<\/p>\n","protected":false},"excerpt":{"rendered":"<p>\u201cLa clave para tener \u00e9xito en las pol\u00edticas p\u00fablicas que nos fijamos, es atender el tejido social y trabajar fuertemente con pol\u00edticas universales que tiendan a ver el todo en un problema\u201d, expres\u00f3 el gobernador Gustavo Bordet &nbsp; &nbsp; &nbsp; Al cerrar el XVI Congreso Nacional sobre valores, pensamiento cr\u00edtico y tejido social organizado por Asociaci\u00f3n Cristina de J\u00f3venes de la Rep\u00fablica Argentina, el gobernador Bordet expres\u00f3 que \u201cla clave para tener \u00e9xito en las pol\u00edticas p\u00fablicas que nos fijamos, es atender el tejido social y trabajar fuertemente con pol\u00edticas&#8230;<\/p>\n","protected":false},"author":3,"featured_media":18127,"comment_status":"closed","ping_status":"closed","sticky":false,"template":"","format":"standard","meta":[],"categories":[9,15],"tags":[],"_links":{"self":[{"href":"https:\/\/www.actualidadadiario.com\/index.php\/wp-json\/wp\/v2\/posts\/18126"}],"collection":[{"href":"https:\/\/www.actualidadadiario.com\/index.php\/wp-json\/wp\/v2\/posts"}],"about":[{"href":"https:\/\/www.actualidadadiario.com\/index.php\/wp-json\/wp\/v2\/types\/post"}],"author":[{"embeddable":true,"href":"https:\/\/www.actualidadadiario.com\/index.php\/wp-json\/wp\/v2\/users\/3"}],"replies":[{"embeddable":true,"href":"https:\/\/www.actualidadadiario.com\/index.php\/wp-json\/wp\/v2\/comments?post=18126"}],"version-history":[{"count":1,"href":"https:\/\/www.actualidadadiario.com\/index.php\/wp-json\/wp\/v2\/posts\/18126\/revisions"}],"predecessor-version":[{"id":18128,"href":"https:\/\/www.actualidadadiario.com\/index.php\/wp-json\/wp\/v2\/posts\/18126\/revisions\/18128"}],"wp:featuredmedia":[{"embeddable":true,"href":"https:\/\/www.actualidadadiario.com\/index.php\/wp-json\/wp\/v2\/media\/18127"}],"wp:attachment":[{"href":"https:\/\/www.actualidadadiario.com\/index.php\/wp-json\/wp\/v2\/media?parent=18126"}],"wp:term":[{"taxonomy":"category","embeddable":true,"href":"https:\/\/www.actualidadadiario.com\/index.php\/wp-json\/wp\/v2\/categories?post=18126"},{"taxonomy":"post_tag","embeddable":true,"href":"https:\/\/www.actualidadadiario.com\/index.php\/wp-json\/wp\/v2\/tags?post=18126"}],"curies":[{"name":"wp","href":"https:\/\/api.w.org\/{rel}","templated":true}]}}