{"id":18123,"date":"2017-10-02T10:20:39","date_gmt":"2017-10-02T13:20:39","guid":{"rendered":"http:\/\/actualidadadiario.com\/site\/?p=18123"},"modified":"2017-10-02T10:20:39","modified_gmt":"2017-10-02T13:20:39","slug":"la-provincia-acordo-con-nacion-la-promocion-de-tecnicas-de-construccion-de-viviendas-con-madera","status":"publish","type":"post","link":"https:\/\/www.actualidadadiario.com\/index.php\/2017\/10\/02\/la-provincia-acordo-con-nacion-la-promocion-de-tecnicas-de-construccion-de-viviendas-con-madera\/","title":{"rendered":"La provincia acord\u00f3 con Naci\u00f3n la promoci\u00f3n de t\u00e9cnicas de construcci\u00f3n de viviendas con madera"},"content":{"rendered":"<p><em><strong>Luego de la reuni\u00f3n de la Mesa Forestal, la provincia de Entre R\u00edos suscribi\u00f3 con Naci\u00f3n un acuerdo para desarrollar t\u00e9cnicas y sistemas de construcci\u00f3n de viviendas con madera e incorporar valor agregado a los productos y subproductos que se empleen en estos sistemas constructivos<\/strong><\/em><\/p>\n<p>&nbsp;<\/p>\n<p>&nbsp;<\/p>\n<p>&nbsp;<\/p>\n<p>El subsecretario de Industria de la provincia, Mario Acu\u00f1a, particip\u00f3 en representaci\u00f3n de la provincia de Entre R\u00edos y junto con autoridades del sector foresto industrial de todo el pa\u00eds, de la firma del acuerdo para la promoci\u00f3n de la construcci\u00f3n con madera.<\/p>\n<p>&nbsp;<\/p>\n<p>Este acuerdo fue uno de los temas tratado la semana pasada en reuni\u00f3n del presidente Mauricio Macri junto a los gobernadores de las provincias forestales e industriales del sector, entre ellos el gobernador Gustavo Bordet, donde qued\u00f3 el compromiso de llevar adelante la firma.<\/p>\n<p>&nbsp;<\/p>\n<p>El acuerdo de Cooperaci\u00f3n para la Promoci\u00f3n de t\u00e9cnicas de Construcci\u00f3n de Viviendas con Madera, compromete a las partes a generar un marco de colaboraci\u00f3n para desarrollar t\u00e9cnicas y sistemas de construcci\u00f3n de viviendas con madera y de incorporar valor agregado a los productos y subproductos que se empleen en estos sistemas constructivos. Asimismo, busca fomentar la utilizaci\u00f3n sostenible del recurso forestal proveniente de bosques implantados para la construcci\u00f3n de viviendas, mediante la realizaci\u00f3n de actividades de difusi\u00f3n, educativas y de capacitaci\u00f3n.<\/p>\n<p>&nbsp;<\/p>\n<p>La iniciativa contempla que este sistema sea incorporado en el futuro tambi\u00e9n para escuelas y otros proyectos urbanos por parte de los entes ejecutores. En este sentido, se sostiene que la foresto-industria es una cadena de valor que tiene un efecto multiplicador desde la semilla, la plantaci\u00f3n, resina y todos sus derivados, manejo forestal, rollos para madera aserrable, aprovechamiento de desperdicios como chip y viruta para generaci\u00f3n de energ\u00eda renovable, maderas y molduras con destino a la construcci\u00f3n y muebles, entre otros usos.<\/p>\n<p>&nbsp;<\/p>\n<p>La concreci\u00f3n de este acuerdo pone en l\u00ednea las pol\u00edticas p\u00fablicas de Naci\u00f3n y provincia dado que en Entre R\u00edos se viene trabajando desde hace tiempo en el uso de la madera para la construcci\u00f3n de viviendas, contemplada inclusive mediante la Ley 10.279 que establece que el 10 por ciento de las viviendas sociales construidas por la provincia deben realizarse en madera.<\/p>\n<p>&nbsp;<\/p>\n<p>&nbsp;<\/p>\n<p><strong>L\u00edneas de trabajo<\/strong><\/p>\n<p>La participaci\u00f3n de la provincia en los distintos niveles de acciones y de intercambio con el gobierno nacional, principalmente con el Ministerio de Agroindustria y Producci\u00f3n, se manifiesta en el trabajo, b\u00e1sicamente, sobre tres l\u00edneas.<\/p>\n<p>&nbsp;<\/p>\n<p>En primer lugar, potenciar la industrializaci\u00f3n de la madera, enfocada en los procesos de segunda y tercera transformaci\u00f3n (recordamos que Entre R\u00edos es la principal productoras de paneles), buscando generar mayor valor agregado, incluyendo el desarrollo de la industria del mueble. El otro segmento, queda contemplado en el marco de este acuerdo, mediante el impulso al desarrollo de vivienda de madera; y un tercer elemento que es la utilizaci\u00f3n de residuos industriales para fabricaci\u00f3n de energ\u00eda a trav\u00e9s de lo que com\u00fanmente se conoce como energ\u00eda de biomasa.<\/p>\n<p>&nbsp;<\/p>\n<p>La ley provincial 10.279 tambi\u00e9n prev\u00e9 un aspecto que coincidentemente contempla el acuerdo firmado, que es la necesidad de unificar criterios normativos para que los mismos sean aplicados en todos los distritos nacionales y provinciales y fundamentalmente, en los municipales, porque son ellos los que tienen en su funci\u00f3n el contralor y habilitaci\u00f3n de los diferentes tipos de construcciones. Luego de que Naci\u00f3n remita a la provincia el nuevo reglamento Cirsoc 601 que unifica los criterios para el c\u00e1lculo estructural de la vivienda de madera, se invitar\u00e1 a los municipios que se adhieran al mismo con la finalidad de unificar precisamente los criterios normativos.<\/p>\n<p>&nbsp;<\/p>\n<p>Por otro lado hay tambi\u00e9n un fuerte impulso para dotar al sistema de herramientas de cr\u00e9ditos, y es por ello que en el acto de firma participaron la mayor\u00eda de las entidades bancarias del sector p\u00fablico las que promover\u00e1n pol\u00edticas de financiamiento al sector.<\/p>\n<p>&nbsp;<\/p>\n<p>De este modo, qued\u00f3 establecida la posibilidad que la vivienda de madera sea incluida en los diferentes planes de financiaci\u00f3n para el sector privado mediante cr\u00e9ditos hipotecarios, contribuyendo con ello al desarrollo del mercado.<\/p>\n<p>&nbsp;<\/p>\n<p>&nbsp;<\/p>\n<p><strong>Fomentar la fabricaci\u00f3n<\/strong><\/p>\n<p>Al respecto, el subsecretario de Industria, Mario Acu\u00f1a, expres\u00f3 que \u201cel sector forestal tiene capacidades suficientes en cantidad y calidad para proveer de materia prima industrializada al sector de viviendas de madera, y ahora debemos fomentar y apoyar a las empresas que se dediquen a la fabricaci\u00f3n de las mismas\u201d.<\/p>\n<p>&nbsp;<\/p>\n<p>Al ser consultado sobre las estrategias que utilizar\u00e1 la provincia para formar y consolidar esta nueva l\u00ednea industrial en las empresas, Acu\u00f1a explic\u00f3 que \u201choy podemos tomar las experiencia de la provincia de Misiones donde se viene trabajando hace ya varios a\u00f1os en la construcci\u00f3n de cerca de tres mil viviendas por a\u00f1o mediante un sistema asociativo las c\u00e1maras del sector se han nucleado y participan activamente en el mercado. Es un modelo que puede replicarse en nuestra provincia. Pero tambi\u00e9n est\u00e1 la iniciativa privada de empresas que ya vienen fabricando viviendas en localidades como Federaci\u00f3n, Concordia, San Jos\u00e9 y en consecuencia tambi\u00e9n debemos generar herramientas que permiten su crecimiento para poder abastecer la demanda futura y a su vez contribuyan a la generaci\u00f3n de mano de obra\u201d.<\/p>\n<p>&nbsp;<\/p>\n<p>En cuanto a los nuevos conceptos que implica el uso de este material, el subsecretario de Industria enumer\u00f3: \u201cLa madera es un material renovable, reciclable y capta di\u00f3xido de carbono, lo que permite la mitigaci\u00f3n del calentamiento global, y a su vez, debido a su capacidad aislante, tiene un bajo consumo energ\u00e9tico por vivienda para su confort, lo cual que implica ahorro para el usuario y la sociedad, en un contexto energ\u00e9tico deficitario. Adem\u00e1s, la construcci\u00f3n con madera reduce los tiempos de ejecuci\u00f3n de las obras, minimizando costos financieros\u201d.<\/p>\n<p>&nbsp;<\/p>\n<p>\u201cAlgunos otros de los beneficios que trae \u2013destac\u00f3- es que la madera cuenta con una gran resistencia estructural en relaci\u00f3n a su peso, posee una resistencia ante el fuego que se ajusta adecuadamente a los c\u00e1lculos de las normas, es durable, est\u00e9tica y c\u00e1lida; el sistema constructivo empleado es pr\u00e1ctico y limpio y la capacitaci\u00f3n necesaria del personal es accesible\u201d.<\/p>\n<p>&nbsp;<\/p>\n<p>Participaron del acto de r\u00fabrica del acuerdo los ministros de Agroindustria, de Producci\u00f3n, del Interior y de Medio Ambiente, Ricardo Buryaile, Francisco Cabrera, Rogelio Frigerio y Sergio Bergman, respectivamente.<\/p>\n<p>&nbsp;<\/p>\n<p>Por el sector empresario, participaron la Federaci\u00f3n Argentina de la Industria Maderera y afines (Faima); la C\u00e1mara Argentina de Aserraderos de Madera (Cadamda); la Asociaci\u00f3n Maderera, Aserraderos y Afines del Alto Paran\u00e1 (Amayadap), los Industriales Madereros y Forestales de Entre R\u00edos y Sur de Corrientes (Imfer); la C\u00e1mara de Empresarios Madereros y Afines (CEMA), entre otros.<\/p>\n<p>&nbsp;<\/p>\n<p>&nbsp;<\/p>\n<p><strong>Datos del Sector Forestal<\/strong><\/p>\n<p>Seg\u00fan el informe de la Cadena de Valor del Sector Forestal, Papel y Muebles del Ministerio de Hacienda, publicado en octubre de 2016, el empleo registrado del sector foresto industrial en el tercer trimestre del a\u00f1o 2015 fue de m\u00e1s de 95.800 puestos de trabajo y conform\u00f3 en el a\u00f1o 2014 un punto porcentual y medio del total del pa\u00eds.<\/p>\n<p>&nbsp;<\/p>\n<p>La Argentina cuenta con 1,2 millones de hect\u00e1reas de plantaciones forestales conformadas principalmente por pinos, eucaliptos y salic\u00e1ceas (sauce y \u00e1lamo) de las cuales Entre R\u00edos aporta 140 mil hect\u00e1reas en total; la extracci\u00f3n de rollizos provenientes de bosques implantados en el a\u00f1o 2013 fue de m\u00e1s de 11,5 millones de toneladas; el consumo aparente de madera aserrada en el a\u00f1o 2014 fue de m\u00e1s de 3.400.000 toneladas; el 90 por ciento de la producci\u00f3n de la cadena forestal se destina al mercado interno y el restante 10 por ciento a las exportaciones; y el 64 por ciento de la producci\u00f3n forestal es utilizada como insumo por otras cadenas, siendo la m\u00e1s importante la cadena de la construcci\u00f3n con un 12 por ciento.<\/p>\n","protected":false},"excerpt":{"rendered":"<p>Luego de la reuni\u00f3n de la Mesa Forestal, la provincia de Entre R\u00edos suscribi\u00f3 con Naci\u00f3n un acuerdo para desarrollar t\u00e9cnicas y sistemas de construcci\u00f3n de viviendas con madera e incorporar valor agregado a los productos y subproductos que se empleen en estos sistemas constructivos &nbsp; &nbsp; &nbsp; El subsecretario de Industria de la provincia, Mario Acu\u00f1a, particip\u00f3 en representaci\u00f3n de la provincia de Entre R\u00edos y junto con autoridades del sector foresto industrial de todo el pa\u00eds, de la firma del acuerdo para la promoci\u00f3n de la construcci\u00f3n con&#8230;<\/p>\n","protected":false},"author":3,"featured_media":18124,"comment_status":"closed","ping_status":"closed","sticky":false,"template":"","format":"standard","meta":[],"categories":[15],"tags":[],"_links":{"self":[{"href":"https:\/\/www.actualidadadiario.com\/index.php\/wp-json\/wp\/v2\/posts\/18123"}],"collection":[{"href":"https:\/\/www.actualidadadiario.com\/index.php\/wp-json\/wp\/v2\/posts"}],"about":[{"href":"https:\/\/www.actualidadadiario.com\/index.php\/wp-json\/wp\/v2\/types\/post"}],"author":[{"embeddable":true,"href":"https:\/\/www.actualidadadiario.com\/index.php\/wp-json\/wp\/v2\/users\/3"}],"replies":[{"embeddable":true,"href":"https:\/\/www.actualidadadiario.com\/index.php\/wp-json\/wp\/v2\/comments?post=18123"}],"version-history":[{"count":1,"href":"https:\/\/www.actualidadadiario.com\/index.php\/wp-json\/wp\/v2\/posts\/18123\/revisions"}],"predecessor-version":[{"id":18125,"href":"https:\/\/www.actualidadadiario.com\/index.php\/wp-json\/wp\/v2\/posts\/18123\/revisions\/18125"}],"wp:featuredmedia":[{"embeddable":true,"href":"https:\/\/www.actualidadadiario.com\/index.php\/wp-json\/wp\/v2\/media\/18124"}],"wp:attachment":[{"href":"https:\/\/www.actualidadadiario.com\/index.php\/wp-json\/wp\/v2\/media?parent=18123"}],"wp:term":[{"taxonomy":"category","embeddable":true,"href":"https:\/\/www.actualidadadiario.com\/index.php\/wp-json\/wp\/v2\/categories?post=18123"},{"taxonomy":"post_tag","embeddable":true,"href":"https:\/\/www.actualidadadiario.com\/index.php\/wp-json\/wp\/v2\/tags?post=18123"}],"curies":[{"name":"wp","href":"https:\/\/api.w.org\/{rel}","templated":true}]}}