{"id":18108,"date":"2017-09-29T11:39:06","date_gmt":"2017-09-29T14:39:06","guid":{"rendered":"http:\/\/actualidadadiario.com\/site\/?p=18108"},"modified":"2017-09-29T11:39:06","modified_gmt":"2017-09-29T14:39:06","slug":"temer-ya-es-el-presidente-mas-impopular-de-la-historia-de-brasil","status":"publish","type":"post","link":"https:\/\/www.actualidadadiario.com\/index.php\/2017\/09\/29\/temer-ya-es-el-presidente-mas-impopular-de-la-historia-de-brasil\/","title":{"rendered":"Temer ya es el presidente m\u00e1s impopular de la historia de Brasil"},"content":{"rendered":"<p><em><strong>Michel Temer es el presidente m\u00e1s impopular de la historia reciente de Brasil, con el 77% de imagen negativa y el 3% positiva, seg\u00fan una encuesta divulgada este jueves<\/strong><\/em><\/p>\n<p>&nbsp;<\/p>\n<p>&nbsp;<\/p>\n<p>&nbsp;<\/p>\n<p>La imagen &#8220;mala o p\u00e9sima&#8221; de Temer trep\u00f3 al 77%, un \u00edndice peor que los registrados en la segunda mitad de la d\u00e9cada de los 80 por su par Jos\u00e9 Sarney, que hasta ahora era el campe\u00f3n de impopularidad entre todos los gobernantes civiles posteriores a la dictadura (1964-1985)<\/p>\n<p>&nbsp;<\/p>\n<p>La desaprobaci\u00f3n de Temer ha crecido de forma constante en los \u00faltimos sondeos de la consultora Ibope, contratada por la Confederaci\u00f3n Nacional de la Industria.<\/p>\n<p>&nbsp;<\/p>\n<p>En diciembre del a\u00f1o pasado, la reprobaci\u00f3n era del 46%, subi\u00f3 al 55% en marzo, pas\u00f3 al 70% en julio y lleg\u00f3 al 77% en la nueva encuesta de Ibope en base a las respuestas dadas por 2.000 personas entre el 15 y el 20 de septiembre.<\/p>\n<p>&nbsp;<\/p>\n<p>Por otra parte, el 3% manifest\u00f3 tener una buena imagen de Temer contra el 5% en junio, consign\u00f3 la agencia Ansa.<\/p>\n<p>&nbsp;<\/p>\n<p>Y el 16% consider\u00f3 calific\u00f3 su gesti\u00f3n de &#8220;regular&#8221; mientras en julio los que ten\u00edan ese parecer eran el 21%.<\/p>\n<p>&nbsp;<\/p>\n<p>Temer es el primer presidente de Brasil acusado de corrupci\u00f3n durante su mandato. Hace cuatro meses, la Procuradur\u00eda General de la Rep\u00fablica lo denunci\u00f3 por &#8220;corrupci\u00f3n pasiva&#8221; en el marco de la causa Lava Jato, luego de ser grabado cuando hablaba del pago de presuntos sobornos con el magnate de la carne Joseley Batista.<\/p>\n<p>&nbsp;<\/p>\n<p>Posteriormente, la Procuradur\u00eda lo imput\u00f3 como uno de los jefes de una &#8220;organizaci\u00f3n delictiva&#8221; que cobr\u00f3 unos 175 millones de d\u00f3lares por ama\u00f1ar contratos en Petrobras, la Caixa Econ\u00f3mica y otras empresas estatales.<\/p>\n<p>&nbsp;<\/p>\n<p>Seg\u00fan Ibope, las noticias m\u00e1s recordadas por el p\u00fablico se relacionan con la causa Lava Jato, que investiga una trama de corrupci\u00f3n que envolvi\u00f3 a pol\u00edticos, empresarios y jerarcas de empresas estatales.<\/p>\n<p>&nbsp;<\/p>\n<p>Entre esas informaciones, una de las de mayor impacto reciente fue la que report\u00f3 el hallazgo de 16 millones de d\u00f3lares ocultos en maletas que, al parecer, pertenec\u00edan a un colaborador de Temer.<\/p>\n<p>&nbsp;<\/p>\n<p>El coordinador de la encuesta, Renato da Fonseca, afirm\u00f3 que &#8220;esta popularidad muy baja&#8221; de Temer se motiv\u00f3 en &#8220;la cuesti\u00f3n econ\u00f3mica y en la cuesti\u00f3n de la corrupci\u00f3n&#8221;.<\/p>\n<p>&nbsp;<\/p>\n<p>Adem\u00e1s, la consulta mostr\u00f3 que el 92% de los brasile\u00f1os no tiene confianza en el presidente, contra el 87% que ten\u00edan ese parecer en julio pasado, mientras el 6% afirm\u00f3 creer en la palabra del mandatario, cuando se cumple un a\u00f1o y un mes desde su juramente en el cargo,<\/p>\n<p>&nbsp;<\/p>\n<p>Temer fue comparado con la gesti\u00f3n de su predecesora, Dilma Rousseff, que dej\u00f3 la Presidencia tras ser destituida en un pol\u00e9mico juicio pol\u00edtico y en medio de movilizaciones multitudinarias que ped\u00edan su salida, as\u00ed como otros sectores salieron a respaldarla.<\/p>\n<p>&nbsp;<\/p>\n<p>Para el 59% de los encuestados, el actual gobierno es peor que el de Rousseff, mientras en julio ese \u00edndice hab\u00eda sido del 52 %.<\/p>\n<p>&nbsp;<\/p>\n<p>Paralelamente para el 8% la administraci\u00f3n de Temer es mejor que la de Rousseff, mientras en julio el 11% hab\u00eda dicho que este gobierno le agrada m\u00e1s que el anterior.<\/p>\n","protected":false},"excerpt":{"rendered":"<p>Michel Temer es el presidente m\u00e1s impopular de la historia reciente de Brasil, con el 77% de imagen negativa y el 3% positiva, seg\u00fan una encuesta divulgada este jueves &nbsp; &nbsp; &nbsp; La imagen &#8220;mala o p\u00e9sima&#8221; de Temer trep\u00f3 al 77%, un \u00edndice peor que los registrados en la segunda mitad de la d\u00e9cada de los 80 por su par Jos\u00e9 Sarney, que hasta ahora era el campe\u00f3n de impopularidad entre todos los gobernantes civiles posteriores a la dictadura (1964-1985) &nbsp; La desaprobaci\u00f3n de Temer ha crecido de forma&#8230;<\/p>\n","protected":false},"author":3,"featured_media":18109,"comment_status":"closed","ping_status":"closed","sticky":false,"template":"","format":"standard","meta":[],"categories":[4],"tags":[],"_links":{"self":[{"href":"https:\/\/www.actualidadadiario.com\/index.php\/wp-json\/wp\/v2\/posts\/18108"}],"collection":[{"href":"https:\/\/www.actualidadadiario.com\/index.php\/wp-json\/wp\/v2\/posts"}],"about":[{"href":"https:\/\/www.actualidadadiario.com\/index.php\/wp-json\/wp\/v2\/types\/post"}],"author":[{"embeddable":true,"href":"https:\/\/www.actualidadadiario.com\/index.php\/wp-json\/wp\/v2\/users\/3"}],"replies":[{"embeddable":true,"href":"https:\/\/www.actualidadadiario.com\/index.php\/wp-json\/wp\/v2\/comments?post=18108"}],"version-history":[{"count":1,"href":"https:\/\/www.actualidadadiario.com\/index.php\/wp-json\/wp\/v2\/posts\/18108\/revisions"}],"predecessor-version":[{"id":18110,"href":"https:\/\/www.actualidadadiario.com\/index.php\/wp-json\/wp\/v2\/posts\/18108\/revisions\/18110"}],"wp:featuredmedia":[{"embeddable":true,"href":"https:\/\/www.actualidadadiario.com\/index.php\/wp-json\/wp\/v2\/media\/18109"}],"wp:attachment":[{"href":"https:\/\/www.actualidadadiario.com\/index.php\/wp-json\/wp\/v2\/media?parent=18108"}],"wp:term":[{"taxonomy":"category","embeddable":true,"href":"https:\/\/www.actualidadadiario.com\/index.php\/wp-json\/wp\/v2\/categories?post=18108"},{"taxonomy":"post_tag","embeddable":true,"href":"https:\/\/www.actualidadadiario.com\/index.php\/wp-json\/wp\/v2\/tags?post=18108"}],"curies":[{"name":"wp","href":"https:\/\/api.w.org\/{rel}","templated":true}]}}