{"id":18102,"date":"2017-09-29T11:37:25","date_gmt":"2017-09-29T14:37:25","guid":{"rendered":"http:\/\/actualidadadiario.com\/site\/?p=18102"},"modified":"2017-09-29T11:37:25","modified_gmt":"2017-09-29T14:37:25","slug":"el-vaticano-confirmo-que-el-papa-no-tiene-previsto-visitar-argentina-en-2018","status":"publish","type":"post","link":"https:\/\/www.actualidadadiario.com\/index.php\/2017\/09\/29\/el-vaticano-confirmo-que-el-papa-no-tiene-previsto-visitar-argentina-en-2018\/","title":{"rendered":"El Vaticano confirm\u00f3 que el Papa &#8220;no tiene previsto&#8221; visitar Argentina en 2018"},"content":{"rendered":"<p><em><strong>El portavoz del Vaticano, Greg Burke, asegur\u00f3 que &#8220;el papa Francisco no tiene previsto visitar Argentina el a\u00f1o pr\u00f3ximo&#8221;, al ser consultado por T\u00e9lam sobre una posible visita papal al pa\u00eds en 2018<\/strong><\/em><\/p>\n<p>&nbsp;<\/p>\n<p>&nbsp;<\/p>\n<p>&nbsp;<\/p>\n<p>&nbsp;<\/p>\n<p>Seg\u00fan indic\u00f3 Burke, la causa &#8220;son los mismos motivos explicados hace un a\u00f1o en el video enviado al pueblo argentino, y exactamente las mismas razones&#8221;.<\/p>\n<p>&nbsp;<\/p>\n<p>El portavoz hizo referencia as\u00ed al videomensaje enviado en septiembre pasado en el que expres\u00f3 su deseo de poder &#8220;volver a ver&#8221; al pueblo argentino.<\/p>\n<p>&nbsp;<\/p>\n<p>&#8220;Ustedes no saben cu\u00e1nto me gustar\u00eda volver a verlos. Y tampoco podr\u00e9 hacerlo el a\u00f1o pr\u00f3ximo, porque ya est\u00e1n compromisos fijados para Asia, \u00c1frica, el mundo es m\u00e1s grande que Argentina, pero hay que dividirse&#8221;, hab\u00eda planteado en 2016, y se reiteran ahora las razones, seg\u00fan Burke.<\/p>\n<p>&nbsp;<\/p>\n<p>El Pont\u00edfice afirm\u00f3 entonces: &#8220;Para m\u00ed, el pueblo argentino es mi pueblo. Ustedes son importantes, yo sigo siendo argentino, yo todav\u00eda viajo con pasaporte argentino&#8221;.<\/p>\n<p>&nbsp;<\/p>\n<p>En los \u00faltimos d\u00edas, desde la c\u00fapula de la Iglesia se hab\u00eda barajado la posibilidad de una visita para 2018.<\/p>\n<p>&nbsp;<\/p>\n<p>&#8220;La visita del Papa al pa\u00eds est\u00e1 pr\u00f3xima&#8221;, plante\u00f3 esta semana el cardenal Mario Poli, arzobispo de Buenos Aires.<\/p>\n<p>&nbsp;<\/p>\n<p>&#8220;As\u00ed como la Sant\u00edsima Trinidad es un gran misterio, tambi\u00e9n lo es saber cu\u00e1ndo viene el Papa. A todos lados que vamos nos preguntan por su visita. Los obispos argentinos lo hemos invitado cinco veces por carta y personalmente&#8221;, hab\u00eda afirmado Poli al presentar la edici\u00f3n de este a\u00f1o de la peregrinaci\u00f3n a Luj\u00e1n.<\/p>\n<p>&nbsp;<\/p>\n<p>Esa vez, Poli precis\u00f3 que &#8220;los obispos argentinos lo invitamos cinco veces por carta y personalmente. La \u00faltima vez los miembros de la comisi\u00f3n ejecutiva le dijimos: &#8220;Mir\u00e1, and\u00e1 pensando cuando vas a venir porque la gente va a pensar que no nos quer\u00e9s?. Ya no sabemos c\u00f3mo dec\u00edrselo. Nos lo pregunta todo el mundo&#8221;.<\/p>\n<p>&nbsp;<\/p>\n<p>&#8220;Y \u00e9l nos dijo: \u00bfustedes creen que yo no quiero ir?&#8221;, cont\u00f3 Poli.<\/p>\n<p>&nbsp;<\/p>\n<p>Adem\u00e1s, el cardenal se\u00f1al\u00f3 que el Papa &#8220;eligi\u00f3 (para sus viajes) lo que le gusta: periferias y creo que est\u00e1 a la vista d\u00f3nde se ha metido&#8221;. Mencion\u00f3 como ejemplo Turqu\u00eda &#8220;donde los cat\u00f3licos son la minor\u00eda absoluta. Y piensa en ir a China, a Rusia y otros lugares que \u00e9l y la secretar\u00eda de Estado determinan&#8221;.<\/p>\n<p>&nbsp;<\/p>\n<p>De todas maneras, concluy\u00f3: &#8220;Me parece que estamos pr\u00f3ximos a esta visita. Y me parece que toda esta tensi\u00f3n finalmente va a terminar bien&#8221;.<\/p>\n<p>&nbsp;<\/p>\n<p>Por el momento, el Papa tiene previsto visitar el a\u00f1o pr\u00f3ximo Chile y Per\u00fa del 15 al 21 de enero y, seg\u00fan fuentes consultadas por T\u00e9lam, est\u00e1 avanzada la posibilidad de un viaje a Dublin, Irlanda, para participar del IX Encuentro Mundial de las Familias del 22 al 26 de agosto.<\/p>\n<p>&nbsp;<\/p>\n<p>Desde su entronizaci\u00f3n en 2013, Francisco hizo tres visitas a Sudam\u00e9rica. En julio de ese a\u00f1o particip\u00f3 de la Jornada Mundial de la Juventud en R\u00edo de Janeiro, Brasil. En 2015 visit\u00f3 Ecuador, Bolivia y Paraguay y en septiembre de este a\u00f1o viaj\u00f3 a Colombia.<\/p>\n<p>&nbsp;<\/p>\n<p>Adem\u00e1s de Argentina, Francisco a\u00fan no ha visitado otros pa\u00edses de la regi\u00f3n, como Uruguay y Venezuela.<\/p>\n","protected":false},"excerpt":{"rendered":"<p>El portavoz del Vaticano, Greg Burke, asegur\u00f3 que &#8220;el papa Francisco no tiene previsto visitar Argentina el a\u00f1o pr\u00f3ximo&#8221;, al ser consultado por T\u00e9lam sobre una posible visita papal al pa\u00eds en 2018 &nbsp; &nbsp; &nbsp; &nbsp; Seg\u00fan indic\u00f3 Burke, la causa &#8220;son los mismos motivos explicados hace un a\u00f1o en el video enviado al pueblo argentino, y exactamente las mismas razones&#8221;. &nbsp; El portavoz hizo referencia as\u00ed al videomensaje enviado en septiembre pasado en el que expres\u00f3 su deseo de poder &#8220;volver a ver&#8221; al pueblo argentino. &nbsp; &#8220;Ustedes&#8230;<\/p>\n","protected":false},"author":3,"featured_media":18103,"comment_status":"closed","ping_status":"closed","sticky":false,"template":"","format":"standard","meta":[],"categories":[9,4],"tags":[],"_links":{"self":[{"href":"https:\/\/www.actualidadadiario.com\/index.php\/wp-json\/wp\/v2\/posts\/18102"}],"collection":[{"href":"https:\/\/www.actualidadadiario.com\/index.php\/wp-json\/wp\/v2\/posts"}],"about":[{"href":"https:\/\/www.actualidadadiario.com\/index.php\/wp-json\/wp\/v2\/types\/post"}],"author":[{"embeddable":true,"href":"https:\/\/www.actualidadadiario.com\/index.php\/wp-json\/wp\/v2\/users\/3"}],"replies":[{"embeddable":true,"href":"https:\/\/www.actualidadadiario.com\/index.php\/wp-json\/wp\/v2\/comments?post=18102"}],"version-history":[{"count":1,"href":"https:\/\/www.actualidadadiario.com\/index.php\/wp-json\/wp\/v2\/posts\/18102\/revisions"}],"predecessor-version":[{"id":18104,"href":"https:\/\/www.actualidadadiario.com\/index.php\/wp-json\/wp\/v2\/posts\/18102\/revisions\/18104"}],"wp:featuredmedia":[{"embeddable":true,"href":"https:\/\/www.actualidadadiario.com\/index.php\/wp-json\/wp\/v2\/media\/18103"}],"wp:attachment":[{"href":"https:\/\/www.actualidadadiario.com\/index.php\/wp-json\/wp\/v2\/media?parent=18102"}],"wp:term":[{"taxonomy":"category","embeddable":true,"href":"https:\/\/www.actualidadadiario.com\/index.php\/wp-json\/wp\/v2\/categories?post=18102"},{"taxonomy":"post_tag","embeddable":true,"href":"https:\/\/www.actualidadadiario.com\/index.php\/wp-json\/wp\/v2\/tags?post=18102"}],"curies":[{"name":"wp","href":"https:\/\/api.w.org\/{rel}","templated":true}]}}