{"id":18099,"date":"2017-09-29T11:36:31","date_gmt":"2017-09-29T14:36:31","guid":{"rendered":"http:\/\/actualidadadiario.com\/site\/?p=18099"},"modified":"2017-09-29T11:36:31","modified_gmt":"2017-09-29T14:36:31","slug":"reabren-investigacion-contra-fernando-niembro-por-fraude-a-la-administracion-publica","status":"publish","type":"post","link":"https:\/\/www.actualidadadiario.com\/index.php\/2017\/09\/29\/reabren-investigacion-contra-fernando-niembro-por-fraude-a-la-administracion-publica\/","title":{"rendered":"Reabren investigaci\u00f3n contra Fernando Niembro por fraude a la administraci\u00f3n p\u00fablica"},"content":{"rendered":"<p><strong><\/strong><em><strong>El periodista es referente de Cambiemos. En 2015 hab\u00eda sido investigado por contratos irregulares de publicidad con el Gobierno de la Ciudad de Buenos Aires<\/strong><\/em><\/p>\n<p>&nbsp;<\/p>\n<p>&nbsp;<\/p>\n<p>&nbsp;<\/p>\n<p>Fernando Niembro tuvo que renunciar a su candidatura a diputado nacional por Cambiemos en 2015. Fue como resultado del esc\u00e1ndalo que se hab\u00eda motivado alrededor de una denuncia en su contra. El conocido periodista estaba acusado de il\u00edcitos con contratos de publicidad con el Gobierno de la Ciudad de Buenos Aires. El monto de las operaciones fraudulentas alcanzaba casi a $ 25 millones.<\/p>\n<p>&nbsp;<\/p>\n<p>Ahora, como resultado de una decisi\u00f3n de la C\u00e1mara Nacional en lo Criminal, Niembro vuelve a ser investigado por la misma causa. La c\u00e1mara en cuesti\u00f3n orden\u00f3 revocar el sobreseimiento que el periodista hab\u00eda logrado en primera instancia.<\/p>\n<p>&nbsp;<\/p>\n<p>La resoluci\u00f3n de la C\u00e1mara indica que podr\u00eda haberse cometido un &#8220;fraude&#8221; y, por ese motivo, solicit\u00f3 la continuidad de la investigaci\u00f3n.<\/p>\n<p>&nbsp;<\/p>\n<p>Los contratos que se investigan tuvieron lugar durante los a\u00f1os 2012 a 2015, durante la \u00faltima gesti\u00f3n de Mauricio Macri como jefe de Gobierno de la Ciudad de Buenos Aires.<\/p>\n","protected":false},"excerpt":{"rendered":"<p>El periodista es referente de Cambiemos. En 2015 hab\u00eda sido investigado por contratos irregulares de publicidad con el Gobierno de la Ciudad de Buenos Aires &nbsp; &nbsp; &nbsp; Fernando Niembro tuvo que renunciar a su candidatura a diputado nacional por Cambiemos en 2015. Fue como resultado del esc\u00e1ndalo que se hab\u00eda motivado alrededor de una denuncia en su contra. El conocido periodista estaba acusado de il\u00edcitos con contratos de publicidad con el Gobierno de la Ciudad de Buenos Aires. El monto de las operaciones fraudulentas alcanzaba casi a $ 25&#8230;<\/p>\n","protected":false},"author":3,"featured_media":18100,"comment_status":"closed","ping_status":"closed","sticky":false,"template":"","format":"standard","meta":[],"categories":[18],"tags":[],"_links":{"self":[{"href":"https:\/\/www.actualidadadiario.com\/index.php\/wp-json\/wp\/v2\/posts\/18099"}],"collection":[{"href":"https:\/\/www.actualidadadiario.com\/index.php\/wp-json\/wp\/v2\/posts"}],"about":[{"href":"https:\/\/www.actualidadadiario.com\/index.php\/wp-json\/wp\/v2\/types\/post"}],"author":[{"embeddable":true,"href":"https:\/\/www.actualidadadiario.com\/index.php\/wp-json\/wp\/v2\/users\/3"}],"replies":[{"embeddable":true,"href":"https:\/\/www.actualidadadiario.com\/index.php\/wp-json\/wp\/v2\/comments?post=18099"}],"version-history":[{"count":1,"href":"https:\/\/www.actualidadadiario.com\/index.php\/wp-json\/wp\/v2\/posts\/18099\/revisions"}],"predecessor-version":[{"id":18101,"href":"https:\/\/www.actualidadadiario.com\/index.php\/wp-json\/wp\/v2\/posts\/18099\/revisions\/18101"}],"wp:featuredmedia":[{"embeddable":true,"href":"https:\/\/www.actualidadadiario.com\/index.php\/wp-json\/wp\/v2\/media\/18100"}],"wp:attachment":[{"href":"https:\/\/www.actualidadadiario.com\/index.php\/wp-json\/wp\/v2\/media?parent=18099"}],"wp:term":[{"taxonomy":"category","embeddable":true,"href":"https:\/\/www.actualidadadiario.com\/index.php\/wp-json\/wp\/v2\/categories?post=18099"},{"taxonomy":"post_tag","embeddable":true,"href":"https:\/\/www.actualidadadiario.com\/index.php\/wp-json\/wp\/v2\/tags?post=18099"}],"curies":[{"name":"wp","href":"https:\/\/api.w.org\/{rel}","templated":true}]}}