{"id":18093,"date":"2017-09-29T11:34:45","date_gmt":"2017-09-29T14:34:45","guid":{"rendered":"http:\/\/actualidadadiario.com\/site\/?p=18093"},"modified":"2017-09-29T11:34:45","modified_gmt":"2017-09-29T14:34:45","slug":"sturzenegger-cito-a-peron-para-pedir-cautela-en-los-reclamos-salariales","status":"publish","type":"post","link":"https:\/\/www.actualidadadiario.com\/index.php\/2017\/09\/29\/sturzenegger-cito-a-peron-para-pedir-cautela-en-los-reclamos-salariales\/","title":{"rendered":"Sturzenegger cit\u00f3 a Per\u00f3n para pedir cautela en los reclamos salariales"},"content":{"rendered":"<p><em><strong>El titular del Banco Central, Federico Sturzenegger, apel\u00f3 hoy a una cita del ex presidente\u00a0Juan Domingo Per\u00f3n para sugerir que los salarios deben avanzar de una manera &#8220;consistente con el proceso de desinflaci\u00f3n&#8221;<\/strong><\/em><\/p>\n<p>&nbsp;<\/p>\n<p>&nbsp;<\/p>\n<p>&nbsp;<\/p>\n<p>&nbsp;<\/p>\n<p>El funcionario se anticip\u00f3 al comienzo de las paritarias correspondientes a 2018 y expuso que, a la hora de negociar salarios, los gremios deber\u00e1n tener en cuenta que se espera una inflaci\u00f3n m\u00e1s baja para el pr\u00f3ximo a\u00f1o que, seg\u00fan la meta oficial, se ubicar\u00e1 entre 8% y 12% anual.<\/p>\n<p>&nbsp;<\/p>\n<p>&#8220;Es interesante traer a colaci\u00f3n una frase algo menos conocida del General Per\u00f3n, quien en uno de sus discursos, cont\u00f3 que, en una reuni\u00f3n en 1954 con los secretarios generales de los gremios argentinos, un\u00e1nimemente le dijeron: \u00b4No queremos aumentos de sueldos. Lo que queremos es que no aumenten tampoco los precios\u00b4&#8221;, indic\u00f3 Sturzenegger.<\/p>\n<p>&nbsp;<\/p>\n<p>En ese sentido, &#8220;Creo que esta an\u00e9cdota grafica de manera elocuente la importancia que tiene para los argentinos poder contar con un Banco Central verdaderamente comprometido en garantizar la estabilidad de precios&#8221;.<\/p>\n<p>&nbsp;<\/p>\n<p>Al exponer en la conferencia anual de la Fundaci\u00f3n FIEL, el funcionario evalu\u00f3: &#8220;Es importante que los salarios tambi\u00e9n avancen de una manera consistente con el proceso de desinflaci\u00f3n en curso&#8221;.<\/p>\n<p>&nbsp;<\/p>\n<p>&#8220;Esto implica que deben tener un significativo componente de `mirar hacia adelante` en negociaciones, las que tambi\u00e9n deben tener presente la evoluci\u00f3n del salario real durante el per\u00edodo paritario anterior&#8221;, subray\u00f3 el jefe del Banco Central, quien tambi\u00e9n respondi\u00f3 cuestionamientos respecto de su pol\u00edtica monetaria ante los economistas que asistieron al hotel porte\u00f1o.<\/p>\n<p>&nbsp;<\/p>\n<p>Sturzenegger resalt\u00f3 que &#8220;las negociaciones salariales resultaron en valores de aumento nominales muy inferiores a los del a\u00f1o anterior, pero que luego fueron honrados por la autoridad monetaria luchando para consolidar el proceso de desinflaci\u00f3n hacia adelante&#8221;.<\/p>\n","protected":false},"excerpt":{"rendered":"<p>El titular del Banco Central, Federico Sturzenegger, apel\u00f3 hoy a una cita del ex presidente\u00a0Juan Domingo Per\u00f3n para sugerir que los salarios deben avanzar de una manera &#8220;consistente con el proceso de desinflaci\u00f3n&#8221; &nbsp; &nbsp; &nbsp; &nbsp; El funcionario se anticip\u00f3 al comienzo de las paritarias correspondientes a 2018 y expuso que, a la hora de negociar salarios, los gremios deber\u00e1n tener en cuenta que se espera una inflaci\u00f3n m\u00e1s baja para el pr\u00f3ximo a\u00f1o que, seg\u00fan la meta oficial, se ubicar\u00e1 entre 8% y 12% anual. &nbsp; &#8220;Es interesante&#8230;<\/p>\n","protected":false},"author":3,"featured_media":18094,"comment_status":"closed","ping_status":"closed","sticky":false,"template":"","format":"standard","meta":[],"categories":[18],"tags":[],"_links":{"self":[{"href":"https:\/\/www.actualidadadiario.com\/index.php\/wp-json\/wp\/v2\/posts\/18093"}],"collection":[{"href":"https:\/\/www.actualidadadiario.com\/index.php\/wp-json\/wp\/v2\/posts"}],"about":[{"href":"https:\/\/www.actualidadadiario.com\/index.php\/wp-json\/wp\/v2\/types\/post"}],"author":[{"embeddable":true,"href":"https:\/\/www.actualidadadiario.com\/index.php\/wp-json\/wp\/v2\/users\/3"}],"replies":[{"embeddable":true,"href":"https:\/\/www.actualidadadiario.com\/index.php\/wp-json\/wp\/v2\/comments?post=18093"}],"version-history":[{"count":1,"href":"https:\/\/www.actualidadadiario.com\/index.php\/wp-json\/wp\/v2\/posts\/18093\/revisions"}],"predecessor-version":[{"id":18095,"href":"https:\/\/www.actualidadadiario.com\/index.php\/wp-json\/wp\/v2\/posts\/18093\/revisions\/18095"}],"wp:featuredmedia":[{"embeddable":true,"href":"https:\/\/www.actualidadadiario.com\/index.php\/wp-json\/wp\/v2\/media\/18094"}],"wp:attachment":[{"href":"https:\/\/www.actualidadadiario.com\/index.php\/wp-json\/wp\/v2\/media?parent=18093"}],"wp:term":[{"taxonomy":"category","embeddable":true,"href":"https:\/\/www.actualidadadiario.com\/index.php\/wp-json\/wp\/v2\/categories?post=18093"},{"taxonomy":"post_tag","embeddable":true,"href":"https:\/\/www.actualidadadiario.com\/index.php\/wp-json\/wp\/v2\/tags?post=18093"}],"curies":[{"name":"wp","href":"https:\/\/api.w.org\/{rel}","templated":true}]}}