{"id":18090,"date":"2017-09-29T11:34:02","date_gmt":"2017-09-29T14:34:02","guid":{"rendered":"http:\/\/actualidadadiario.com\/site\/?p=18090"},"modified":"2017-09-29T11:34:02","modified_gmt":"2017-09-29T14:34:02","slug":"macri-no-descarta-presentarse-a-la-reeleccion-en-2019","status":"publish","type":"post","link":"https:\/\/www.actualidadadiario.com\/index.php\/2017\/09\/29\/macri-no-descarta-presentarse-a-la-reeleccion-en-2019\/","title":{"rendered":"Macri no descarta presentarse a la reelecci\u00f3n en 2019"},"content":{"rendered":"<p><em><strong>El presidente Mauricio Macri no descart\u00f3 presentarse a la reelecci\u00f3n y asegur\u00f3 que est\u00e1 &#8220;abierto&#8221; a la posibilidad de competir en 2019 para revalidar su mandato al frente de la Casa Rosada. Sin embargo, el mandatario aclar\u00f3 que \u201ctodav\u00eda no es tiempo para hablar del tema&#8221;<\/strong><\/em><\/p>\n<p>&nbsp;<\/p>\n<p>&nbsp;<\/p>\n<p>&nbsp;<\/p>\n<p>&nbsp;<\/p>\n<p>En una entrevista con la agencia de noticias econ\u00f3micas Bloomberg, el jefe de Estado fue consultado sobre la posibilidad de presentarse en las pr\u00f3ximas presidenciales y sobre si no considera que la gente tendr\u00eda que saber que est\u00e1 dispuesto a seguir impulsando reformas desde la Casa Rosada.<\/p>\n<p>&nbsp;<\/p>\n<p>&#8220;Fui muy claro desde el principio. Estoy abierto a eso. Pero todav\u00eda no es tiempo para hablar del tema. Estoy listo para trabajar hasta el final del mandato permitido por la Constituci\u00f3n&#8221;, sostuvo el mandatario. &#8220;Quiero que sepan que siempre van a poder contar conmigo, pero todav\u00eda no tenemos que hablar de eso ahora&#8221;, insisti\u00f3.<\/p>\n<p>&nbsp;<\/p>\n<p>Macri tambi\u00e9n se refiri\u00f3 a las elecciones generales del pr\u00f3ximo 22 de octubre y remarc\u00f3 que Cambiemos va a &#8220;ganar bancas en ambas C\u00e1maras&#8221; del Congreso. &#8220;No estoy haciendo cuentas todos los d\u00edas. Se lo dejo a (el jefe de Gabinete) Marcos Pe\u00f1a y (al ministro del Interior) Rogelio Frigerio. Ellos me dicen que vamos a ganar bancas en ambas C\u00e1maras y estoy confiado de que ser\u00e1 as\u00ed&#8221;, afirm\u00f3.<\/p>\n<p>&nbsp;<\/p>\n<p>En ese marco, el Presidente indic\u00f3 que el candidato a senador nacional de Cambiemos por la Provincia de Buenos Aires, Esteban Bullrich, est\u00e1 en las encuestas &#8220;apenas por delante&#8221; de la postulante de Unidad Ciudadana, Cristina Kirchner, aunque aclar\u00f3 que el frente oficialista est\u00e1 &#8220;muy por delante&#8221; de la oposici\u00f3n &#8220;en todo el pa\u00eds&#8221;.<\/p>\n<p>&nbsp;<\/p>\n<p>Asimismo, el mandatario opin\u00f3 sobre la situaci\u00f3n actual del peronismo y consider\u00f3 que el espacio &#8220;tendr\u00e1 que atravesar una gran reforma interna&#8221;, a la vez que se\u00f1al\u00f3 que &#8220;el kirchnerismo ser\u00eda volver al pasado&#8221;.<\/p>\n<p>&nbsp;<\/p>\n<p>Por otra parte, Macri se refiri\u00f3 a la reforma laboral en la Argentina y anticip\u00f3 que estar\u00e1 inspirada en el acuerdo sellado por Vaca Muerta entre el Gobierno, las empresas y los sindicatos. En una entrevista concedida con la agencia de noticias Bloomberg, el mandatario adelant\u00f3 que &#8220;vamos a seguir realizando reformas sector por sector como sucedi\u00f3 con Vaca Muerta&#8221;.<\/p>\n<p>&nbsp;<\/p>\n<p>Al ser consultado por la reforma laboral realizada en Brasil, el Presidente sostuvo que &#8220;es muy desafiante competir en ese marco&#8221;. En ese sentido, Macri cont\u00f3 que desde el Gobierno &#8220;estamos analizando lo que hay que hacer&#8221;.<\/p>\n","protected":false},"excerpt":{"rendered":"<p>El presidente Mauricio Macri no descart\u00f3 presentarse a la reelecci\u00f3n y asegur\u00f3 que est\u00e1 &#8220;abierto&#8221; a la posibilidad de competir en 2019 para revalidar su mandato al frente de la Casa Rosada. Sin embargo, el mandatario aclar\u00f3 que \u201ctodav\u00eda no es tiempo para hablar del tema&#8221; &nbsp; &nbsp; &nbsp; &nbsp; En una entrevista con la agencia de noticias econ\u00f3micas Bloomberg, el jefe de Estado fue consultado sobre la posibilidad de presentarse en las pr\u00f3ximas presidenciales y sobre si no considera que la gente tendr\u00eda que saber que est\u00e1 dispuesto a&#8230;<\/p>\n","protected":false},"author":3,"featured_media":18091,"comment_status":"closed","ping_status":"closed","sticky":false,"template":"","format":"standard","meta":[],"categories":[18],"tags":[],"_links":{"self":[{"href":"https:\/\/www.actualidadadiario.com\/index.php\/wp-json\/wp\/v2\/posts\/18090"}],"collection":[{"href":"https:\/\/www.actualidadadiario.com\/index.php\/wp-json\/wp\/v2\/posts"}],"about":[{"href":"https:\/\/www.actualidadadiario.com\/index.php\/wp-json\/wp\/v2\/types\/post"}],"author":[{"embeddable":true,"href":"https:\/\/www.actualidadadiario.com\/index.php\/wp-json\/wp\/v2\/users\/3"}],"replies":[{"embeddable":true,"href":"https:\/\/www.actualidadadiario.com\/index.php\/wp-json\/wp\/v2\/comments?post=18090"}],"version-history":[{"count":1,"href":"https:\/\/www.actualidadadiario.com\/index.php\/wp-json\/wp\/v2\/posts\/18090\/revisions"}],"predecessor-version":[{"id":18092,"href":"https:\/\/www.actualidadadiario.com\/index.php\/wp-json\/wp\/v2\/posts\/18090\/revisions\/18092"}],"wp:featuredmedia":[{"embeddable":true,"href":"https:\/\/www.actualidadadiario.com\/index.php\/wp-json\/wp\/v2\/media\/18091"}],"wp:attachment":[{"href":"https:\/\/www.actualidadadiario.com\/index.php\/wp-json\/wp\/v2\/media?parent=18090"}],"wp:term":[{"taxonomy":"category","embeddable":true,"href":"https:\/\/www.actualidadadiario.com\/index.php\/wp-json\/wp\/v2\/categories?post=18090"},{"taxonomy":"post_tag","embeddable":true,"href":"https:\/\/www.actualidadadiario.com\/index.php\/wp-json\/wp\/v2\/tags?post=18090"}],"curies":[{"name":"wp","href":"https:\/\/api.w.org\/{rel}","templated":true}]}}