{"id":18084,"date":"2017-09-29T11:32:37","date_gmt":"2017-09-29T14:32:37","guid":{"rendered":"http:\/\/actualidadadiario.com\/site\/?p=18084"},"modified":"2017-09-29T11:32:37","modified_gmt":"2017-09-29T14:32:37","slug":"causa-maldonado-el-nuevo-juez-pidio-el-compromiso-de-todos","status":"publish","type":"post","link":"https:\/\/www.actualidadadiario.com\/index.php\/2017\/09\/29\/causa-maldonado-el-nuevo-juez-pidio-el-compromiso-de-todos\/","title":{"rendered":"Causa Maldonado: el nuevo juez pidi\u00f3 el &#8220;compromiso de todos&#8221;"},"content":{"rendered":"<p><em><strong>El magistrado se present\u00f3 en el Juzgado de Esquel y prefiri\u00f3 no hablar de la investigaci\u00f3n que llev\u00f3 adelante Guido Otranto. Adem\u00e1s, consider\u00f3 que &#8220;este es un caso muy sensible&#8221;<\/strong><\/em><\/p>\n<p>&nbsp;<\/p>\n<p>&nbsp;<\/p>\n<p>&nbsp;<\/p>\n<p>El juez federal de Rawson, Gustavo Lleral, comenz\u00f3 este jueves las tareas en el Juzgado de Esquel por la desaparici\u00f3n de Santiago Maldonado y pidi\u00f3 &#8220;el compromiso de todos&#8221; para establecer qu\u00e9 paso con el joven platense, de quien no se sabe nada desde el 1 de agosto.<\/p>\n<p>&nbsp;<\/p>\n<p>&#8220;Es para reflexionar sobre qu\u00e9 es lo que nos pasa como sociedad. Hay una familia que est\u00e1 sufriendo y en este momento creo que todos tenemos que estar concentrados en eso y todo aquel que pueda aportar alg\u00fan dato certero sobre esta persona ser\u00e1 bienvenido&#8221;, subray\u00f3 Lleral.<\/p>\n<p>&nbsp;<\/p>\n<p>El juez se pronunci\u00f3 de esa forma en declaraciones a la prensa en la puerta del Juzgado de Esquel, adonde lleg\u00f3 luego de que el magistrado Guido Otranto fuera separado de la investigaci\u00f3n.<\/p>\n<p>&nbsp;<\/p>\n<p>Lleral se\u00f1al\u00f3 que &#8220;este es un caso muy sensible&#8221; y destac\u00f3 que a\u00fan no tom\u00f3 contacto con la causa y no iba a brindar opiniones sobre la investigaci\u00f3n.<\/p>\n<p>&nbsp;<\/p>\n<p>&#8220;No vengo a analizar lo que hizo el doctor Otranto, todo lo que se ha hecho seguramente va a ser de utilidad para la investigaci\u00f3n&#8221;, sostuvo el magistrado de Rawson.<\/p>\n<p>&nbsp;<\/p>\n<p>Lleral, quien qued\u00f3 a cargo del caso Maldonado la semana pasada, lleg\u00f3 este mi\u00e9rcoles a Esquel junto a sus colaboradores para encabezar la investigaci\u00f3n por la desaparici\u00f3n del joven y ya se present\u00f3 en el Juzgado.<\/p>\n<p>&nbsp;<\/p>\n<p>El juez arrib\u00f3 a la ciudad chubutense acompa\u00f1ado por los secretarios Gustavo Latorre y Leonardo Barzini, el prosecretario interino Juan Carlos Araujo y el escribiente interino Jos\u00e9 Scocco.<\/p>\n<p>&nbsp;<\/p>\n<p>En ese marco, la Corte Suprema de Justicia habilit\u00f3 cargos de funcionario, personal administrativo y de servicio para el Juzgado, tal como hab\u00eda solicitado Lleral tras quedar al frente de la causa.<\/p>\n<p>&nbsp;<\/p>\n<p>Adem\u00e1s, el m\u00e1ximo tribunal envi\u00f3 una nota a la presidenta del Consejo de la Magistratura, Adriana Donato, para que arbitre los medios para dar respuesta a los pedidos del juez.<\/p>\n","protected":false},"excerpt":{"rendered":"<p>El magistrado se present\u00f3 en el Juzgado de Esquel y prefiri\u00f3 no hablar de la investigaci\u00f3n que llev\u00f3 adelante Guido Otranto. Adem\u00e1s, consider\u00f3 que &#8220;este es un caso muy sensible&#8221; &nbsp; &nbsp; &nbsp; El juez federal de Rawson, Gustavo Lleral, comenz\u00f3 este jueves las tareas en el Juzgado de Esquel por la desaparici\u00f3n de Santiago Maldonado y pidi\u00f3 &#8220;el compromiso de todos&#8221; para establecer qu\u00e9 paso con el joven platense, de quien no se sabe nada desde el 1 de agosto. &nbsp; &#8220;Es para reflexionar sobre qu\u00e9 es lo que&#8230;<\/p>\n","protected":false},"author":3,"featured_media":18085,"comment_status":"closed","ping_status":"closed","sticky":false,"template":"","format":"standard","meta":[],"categories":[18],"tags":[],"_links":{"self":[{"href":"https:\/\/www.actualidadadiario.com\/index.php\/wp-json\/wp\/v2\/posts\/18084"}],"collection":[{"href":"https:\/\/www.actualidadadiario.com\/index.php\/wp-json\/wp\/v2\/posts"}],"about":[{"href":"https:\/\/www.actualidadadiario.com\/index.php\/wp-json\/wp\/v2\/types\/post"}],"author":[{"embeddable":true,"href":"https:\/\/www.actualidadadiario.com\/index.php\/wp-json\/wp\/v2\/users\/3"}],"replies":[{"embeddable":true,"href":"https:\/\/www.actualidadadiario.com\/index.php\/wp-json\/wp\/v2\/comments?post=18084"}],"version-history":[{"count":1,"href":"https:\/\/www.actualidadadiario.com\/index.php\/wp-json\/wp\/v2\/posts\/18084\/revisions"}],"predecessor-version":[{"id":18086,"href":"https:\/\/www.actualidadadiario.com\/index.php\/wp-json\/wp\/v2\/posts\/18084\/revisions\/18086"}],"wp:featuredmedia":[{"embeddable":true,"href":"https:\/\/www.actualidadadiario.com\/index.php\/wp-json\/wp\/v2\/media\/18085"}],"wp:attachment":[{"href":"https:\/\/www.actualidadadiario.com\/index.php\/wp-json\/wp\/v2\/media?parent=18084"}],"wp:term":[{"taxonomy":"category","embeddable":true,"href":"https:\/\/www.actualidadadiario.com\/index.php\/wp-json\/wp\/v2\/categories?post=18084"},{"taxonomy":"post_tag","embeddable":true,"href":"https:\/\/www.actualidadadiario.com\/index.php\/wp-json\/wp\/v2\/tags?post=18084"}],"curies":[{"name":"wp","href":"https:\/\/api.w.org\/{rel}","templated":true}]}}