{"id":18081,"date":"2017-09-29T11:31:40","date_gmt":"2017-09-29T14:31:40","guid":{"rendered":"http:\/\/actualidadadiario.com\/site\/?p=18081"},"modified":"2017-09-29T11:31:40","modified_gmt":"2017-09-29T14:31:40","slug":"reestructuran-el-plan-belgrano-y-suprimen-cargos","status":"publish","type":"post","link":"https:\/\/www.actualidadadiario.com\/index.php\/2017\/09\/29\/reestructuran-el-plan-belgrano-y-suprimen-cargos\/","title":{"rendered":"Reestructuran el Plan Belgrano y suprimen cargos"},"content":{"rendered":"<p><em><strong>El Gobierno nacional, mediante decreto publicado en el Bolet\u00edn Oficial, suprimi\u00f3 cuatro cargos de la Unidad Plan Belgrano de la Jefatura de Gabinete de ministros<\/strong><\/em><\/p>\n<p>&nbsp;<\/p>\n<p>&nbsp;<\/p>\n<p>&nbsp;<\/p>\n<p>&nbsp;<\/p>\n<p>Los cargos extraescalafonarios suprimidos son el de Coordinador de Relaciones Institucionales, Administraci\u00f3n y Comunicaci\u00f3n; Subcoordinador del Noroeste; Subcoordinador del Noreste; y Coordinador de Desarrollo Humano.<\/p>\n<p>&nbsp;<\/p>\n<p>Mediante el mismo decreto, el 760, se cre\u00f3 asimismo el cargo de Jefe de Gabinete de Asesores de la Unidad Plan Belgrano dependiente de la Jefatura de Gabinete de Ministros con rango y jerarqu\u00eda de secretario, para asistir y asesorar al titular del Plan.<\/p>\n<p>&nbsp;<\/p>\n<p>La Unidad Plan Belgrano estaba conducida por el tucumano Jos\u00e9 Cano, quien renunci\u00f3 para ser candidato a diputado nacional. En su reemplazo fue designado Carlos Vignolo.<\/p>\n<p>&nbsp;<\/p>\n<p>La Unidad Plan Belgrano en la \u00f3rbita de la jefatura de Gabinete de Ministros fue creada mediante decreto 12 del 10 de diciembre de 2015, y la ley de ministerios asigna al jefe de Gabinete la atribuci\u00f3n de atender en el lineamiento de las pol\u00edticas referentes a su implementaci\u00f3n.<\/p>\n<p>&nbsp;<\/p>\n<p>El decreto 760 publicado hoy, firmado por el presidente Mauricio Macri y el jefe de Gabinete Marcos Pe\u00f1a, remarca que la medida se dicta en virtud de atribuciones conferidas por el art\u00edculo 99 de la Constituci\u00f3n Nacional y en ante la necesidad de un reordenamiento.<\/p>\n","protected":false},"excerpt":{"rendered":"<p>El Gobierno nacional, mediante decreto publicado en el Bolet\u00edn Oficial, suprimi\u00f3 cuatro cargos de la Unidad Plan Belgrano de la Jefatura de Gabinete de ministros &nbsp; &nbsp; &nbsp; &nbsp; Los cargos extraescalafonarios suprimidos son el de Coordinador de Relaciones Institucionales, Administraci\u00f3n y Comunicaci\u00f3n; Subcoordinador del Noroeste; Subcoordinador del Noreste; y Coordinador de Desarrollo Humano. &nbsp; Mediante el mismo decreto, el 760, se cre\u00f3 asimismo el cargo de Jefe de Gabinete de Asesores de la Unidad Plan Belgrano dependiente de la Jefatura de Gabinete de Ministros con rango y jerarqu\u00eda de&#8230;<\/p>\n","protected":false},"author":3,"featured_media":18082,"comment_status":"closed","ping_status":"closed","sticky":false,"template":"","format":"standard","meta":[],"categories":[2],"tags":[],"_links":{"self":[{"href":"https:\/\/www.actualidadadiario.com\/index.php\/wp-json\/wp\/v2\/posts\/18081"}],"collection":[{"href":"https:\/\/www.actualidadadiario.com\/index.php\/wp-json\/wp\/v2\/posts"}],"about":[{"href":"https:\/\/www.actualidadadiario.com\/index.php\/wp-json\/wp\/v2\/types\/post"}],"author":[{"embeddable":true,"href":"https:\/\/www.actualidadadiario.com\/index.php\/wp-json\/wp\/v2\/users\/3"}],"replies":[{"embeddable":true,"href":"https:\/\/www.actualidadadiario.com\/index.php\/wp-json\/wp\/v2\/comments?post=18081"}],"version-history":[{"count":1,"href":"https:\/\/www.actualidadadiario.com\/index.php\/wp-json\/wp\/v2\/posts\/18081\/revisions"}],"predecessor-version":[{"id":18083,"href":"https:\/\/www.actualidadadiario.com\/index.php\/wp-json\/wp\/v2\/posts\/18081\/revisions\/18083"}],"wp:featuredmedia":[{"embeddable":true,"href":"https:\/\/www.actualidadadiario.com\/index.php\/wp-json\/wp\/v2\/media\/18082"}],"wp:attachment":[{"href":"https:\/\/www.actualidadadiario.com\/index.php\/wp-json\/wp\/v2\/media?parent=18081"}],"wp:term":[{"taxonomy":"category","embeddable":true,"href":"https:\/\/www.actualidadadiario.com\/index.php\/wp-json\/wp\/v2\/categories?post=18081"},{"taxonomy":"post_tag","embeddable":true,"href":"https:\/\/www.actualidadadiario.com\/index.php\/wp-json\/wp\/v2\/tags?post=18081"}],"curies":[{"name":"wp","href":"https:\/\/api.w.org\/{rel}","templated":true}]}}