{"id":18069,"date":"2017-09-29T11:28:50","date_gmt":"2017-09-29T14:28:50","guid":{"rendered":"http:\/\/actualidadadiario.com\/site\/?p=18069"},"modified":"2017-09-29T11:28:50","modified_gmt":"2017-09-29T14:28:50","slug":"para-la-uca-la-pobreza-bajo-porque-el-2016-fue-desastroso-y-critico","status":"publish","type":"post","link":"https:\/\/www.actualidadadiario.com\/index.php\/2017\/09\/29\/para-la-uca-la-pobreza-bajo-porque-el-2016-fue-desastroso-y-critico\/","title":{"rendered":"Para la UCA, &#8220;la pobreza baj\u00f3 porque el 2016 fue desastroso y cr\u00edtico&#8221;"},"content":{"rendered":"<p><em><strong>Seg\u00fan el \u00faltimo informe del INDEC, la pobreza en Argentina baj\u00f3 3,6 puntos en el primer semestre y se ubica en 28,6%. El n\u00famero puede pensarse como alentador aunque una mirada anal\u00edtica como la de Agust\u00edn Salvia, director del Observatorio de la Deuda Social de la UCA, indica que esta merma se debe a que en el a\u00f1o anterior muchas personas cayeron en la pobreza y ahora se est\u00e1n recuperando<\/strong><\/em><\/p>\n<p>&nbsp;<\/p>\n<p>&nbsp;<\/p>\n<p>&nbsp;<\/p>\n<p>&#8220;La pobreza baj\u00f3 porque el 2016 fue desastroso y cr\u00edtico&#8221;, indic\u00f3 en di\u00e1logo con \u00e1mbito.com al tiempo que record\u00f3 que el a\u00f1o anterior estuvo dominado por una alta pauta inflacionaria, un contexto recesivo producto pol\u00edtica de estabilizaci\u00f3n monetaria y un estancamiento cr\u00f3nico. Ese combo &#8220;afect\u00f3 a parte de la poblaci\u00f3n m\u00e1s pobre y muchos otros cayeron en la pobreza que son los que ahora se est\u00e1n recuperando&#8221;, indic\u00f3.<\/p>\n<p>&nbsp;<\/p>\n<p>El ODSA viene publicando datos de pobreza desde hace a\u00f1os. Su \u00faltima medici\u00f3n corresponde al tercer trimestre de 2016 y ubica esta l\u00ednea en 32,9%, similar al \u00faltimo que midi\u00f3 el INDEC que retom\u00f3 esta publicaci\u00f3n hace 12 meses. Seg\u00fan Salvia, su nuevo dato de pobreza de la UCA se conocer\u00e1 en diciembre y tambi\u00e9n marcar\u00e1n un descenso.<\/p>\n<p>&nbsp;<\/p>\n<p>El nuevo resultado oficial se explica, seg\u00fan el tambi\u00e9n investigador del CONICET, por un declive de la inflaci\u00f3n y el inicio de una reactivaci\u00f3n econ\u00f3mica. &#8220;Al bajar la inflaci\u00f3n la remuneraci\u00f3n real post paritaria mejora y por otra parte comenzaron a reactivarse algunas ramas de la actividad&#8221;, resumi\u00f3.<\/p>\n<p>&nbsp;<\/p>\n<p>Otro dato que refuerza que la mejora es producto de una recuperaci\u00f3n de un segmento que baj\u00f3 sus ingresos puede encontrarse en la indigencia. Seg\u00fan INDEC alcanza al 6,2% de la poblaci\u00f3n casi sin variaci\u00f3n contra el a\u00f1o anterior, apunta Salvia. En este sentido puede pensarse que si la merma fuera estructural, tambi\u00e9n habr\u00eda bajado la indigencia.<\/p>\n<p>&nbsp;<\/p>\n<p>Ante la pregunta sobre por qu\u00e9 existe una percepci\u00f3n que hay m\u00e1s pobres en el pa\u00eds respondi\u00f3 que hay dos situaciones que son distintas: &#8220;Una es que el nivel de indigentes que se mantiene alto con dos millones de personas y por otra parte hay m\u00e1s m\u00e1s de 10 millones de personas en situaci\u00f3n de pobreza&#8221;.<\/p>\n<p>&nbsp;<\/p>\n<p>Sobre el futuro de este \u00edndice reconoce que &#8220;hay un camino decreciente&#8221; y que se mantendr\u00e1 si se mantiene de baja de la inflaci\u00f3n y la reactivaci\u00f3n aunque destac\u00f3 que a\u00fan se est\u00e1 lejos una soluci\u00f3n a la pobreza estructural que ronda entre el 22% y 24% en la Argentina. &#8220;Este 24% no depende de un ciclo econ\u00f3mico sino de lo que ocurre con la situaci\u00f3n formal del empleo&#8221;, cerr\u00f3.<\/p>\n","protected":false},"excerpt":{"rendered":"<p>Seg\u00fan el \u00faltimo informe del INDEC, la pobreza en Argentina baj\u00f3 3,6 puntos en el primer semestre y se ubica en 28,6%. El n\u00famero puede pensarse como alentador aunque una mirada anal\u00edtica como la de Agust\u00edn Salvia, director del Observatorio de la Deuda Social de la UCA, indica que esta merma se debe a que en el a\u00f1o anterior muchas personas cayeron en la pobreza y ahora se est\u00e1n recuperando &nbsp; &nbsp; &nbsp; &#8220;La pobreza baj\u00f3 porque el 2016 fue desastroso y cr\u00edtico&#8221;, indic\u00f3 en di\u00e1logo con \u00e1mbito.com al tiempo&#8230;<\/p>\n","protected":false},"author":3,"featured_media":18070,"comment_status":"closed","ping_status":"closed","sticky":false,"template":"","format":"standard","meta":[],"categories":[9,2],"tags":[],"_links":{"self":[{"href":"https:\/\/www.actualidadadiario.com\/index.php\/wp-json\/wp\/v2\/posts\/18069"}],"collection":[{"href":"https:\/\/www.actualidadadiario.com\/index.php\/wp-json\/wp\/v2\/posts"}],"about":[{"href":"https:\/\/www.actualidadadiario.com\/index.php\/wp-json\/wp\/v2\/types\/post"}],"author":[{"embeddable":true,"href":"https:\/\/www.actualidadadiario.com\/index.php\/wp-json\/wp\/v2\/users\/3"}],"replies":[{"embeddable":true,"href":"https:\/\/www.actualidadadiario.com\/index.php\/wp-json\/wp\/v2\/comments?post=18069"}],"version-history":[{"count":1,"href":"https:\/\/www.actualidadadiario.com\/index.php\/wp-json\/wp\/v2\/posts\/18069\/revisions"}],"predecessor-version":[{"id":18071,"href":"https:\/\/www.actualidadadiario.com\/index.php\/wp-json\/wp\/v2\/posts\/18069\/revisions\/18071"}],"wp:featuredmedia":[{"embeddable":true,"href":"https:\/\/www.actualidadadiario.com\/index.php\/wp-json\/wp\/v2\/media\/18070"}],"wp:attachment":[{"href":"https:\/\/www.actualidadadiario.com\/index.php\/wp-json\/wp\/v2\/media?parent=18069"}],"wp:term":[{"taxonomy":"category","embeddable":true,"href":"https:\/\/www.actualidadadiario.com\/index.php\/wp-json\/wp\/v2\/categories?post=18069"},{"taxonomy":"post_tag","embeddable":true,"href":"https:\/\/www.actualidadadiario.com\/index.php\/wp-json\/wp\/v2\/tags?post=18069"}],"curies":[{"name":"wp","href":"https:\/\/api.w.org\/{rel}","templated":true}]}}