{"id":18065,"date":"2017-09-29T11:28:03","date_gmt":"2017-09-29T14:28:03","guid":{"rendered":"http:\/\/actualidadadiario.com\/site\/?p=18065"},"modified":"2017-09-29T11:28:03","modified_gmt":"2017-09-29T14:28:03","slug":"seis-provincias-ya-fueron-a-la-corte-a-pedir-que-no-falle-por-el-fondo-del-conurbano","status":"publish","type":"post","link":"https:\/\/www.actualidadadiario.com\/index.php\/2017\/09\/29\/seis-provincias-ya-fueron-a-la-corte-a-pedir-que-no-falle-por-el-fondo-del-conurbano\/","title":{"rendered":"Seis provincias ya fueron a la Corte a pedir que no falle por el Fondo del Conurbano"},"content":{"rendered":"<p><em><strong>Continuar\u00e1 hoy el desfile de provincias ante la Corte Suprema para fijar su postura ante la demanda de Buenos Aires para declarar inconstitucional el tope al Fondo del Conurbano. Ayer Entre R\u00edos present\u00f3 su escrito ante el alto tribunal y hoy lo har\u00e1 Misiones. En lo que va del a\u00f1o el fondo en cuesti\u00f3n, creado para compensar el coeficiente de coparticipaci\u00f3n de la administraci\u00f3n bonaerense, lleva repartidos 39.900 millones de pesos pero por efecto de la inflaci\u00f3n s\u00f3lo una provincia recibi\u00f3 menos dinero que Buenos Aires<\/strong><\/em><\/p>\n<p>&nbsp;<\/p>\n<p>&nbsp;<\/p>\n<p>&nbsp;<\/p>\n<p>&nbsp;<\/p>\n<p>Ayer fue turno de la provincia que gobierna Gustavo Bordet, que realiz\u00f3 su presentaci\u00f3n ante la Corte Suprema, en la que afirm\u00f3 que \u201cno es justo que el reclamo de la provincia de Buenos Aires sobre el Fondo del Conurbano afecte los recursos de otras provincias\u201d, se\u00f1al\u00f3 el gobernador entrerriano a trav\u00e9s de un comunicado, luego de advertir que de prosperar el reclamo bonaerense, Entre R\u00edos quedar\u00eda en una situaci\u00f3n de \u201cquebranto\u201d. Entre los alegatos, el escrito entrerriano afirm\u00f3 que si bien Buenos Aires perdi\u00f3 50.000 millones de pesos este a\u00f1o por el Fondo, recibi\u00f3 70.000 millones por subsidios a distintos servicios, y que el resto de las jurisdicciones no recibe. Anteriormente, San Juan, Catamarca, Tucum\u00e1n, La Pampa y Salta ya hab\u00edan formalizado sus argumentos ante el alto tribunal. Hoy, por su parte, ser\u00e1 es la fecha indicada para Misiones.<\/p>\n<p>&nbsp;<\/p>\n<p>Con el \u00faltimo dato actualizado de ayer, el Fondo del Conurbano reparti\u00f3 39.900 millones, de los cuales Buenos Aires recibi\u00f3 los 650 millones de tope y 39.266 millones se repartieron entre el resto de las provincias. Todas las jurisdicciones recibieron ya m\u00e1s que Buenos Aires salvo Tierra del Fuego, a la que giraron 612 millones.<\/p>\n","protected":false},"excerpt":{"rendered":"<p>Continuar\u00e1 hoy el desfile de provincias ante la Corte Suprema para fijar su postura ante la demanda de Buenos Aires para declarar inconstitucional el tope al Fondo del Conurbano. Ayer Entre R\u00edos present\u00f3 su escrito ante el alto tribunal y hoy lo har\u00e1 Misiones. En lo que va del a\u00f1o el fondo en cuesti\u00f3n, creado para compensar el coeficiente de coparticipaci\u00f3n de la administraci\u00f3n bonaerense, lleva repartidos 39.900 millones de pesos pero por efecto de la inflaci\u00f3n s\u00f3lo una provincia recibi\u00f3 menos dinero que Buenos Aires &nbsp; &nbsp; &nbsp; &nbsp;&#8230;<\/p>\n","protected":false},"author":3,"featured_media":18067,"comment_status":"closed","ping_status":"closed","sticky":false,"template":"","format":"standard","meta":[],"categories":[2],"tags":[],"_links":{"self":[{"href":"https:\/\/www.actualidadadiario.com\/index.php\/wp-json\/wp\/v2\/posts\/18065"}],"collection":[{"href":"https:\/\/www.actualidadadiario.com\/index.php\/wp-json\/wp\/v2\/posts"}],"about":[{"href":"https:\/\/www.actualidadadiario.com\/index.php\/wp-json\/wp\/v2\/types\/post"}],"author":[{"embeddable":true,"href":"https:\/\/www.actualidadadiario.com\/index.php\/wp-json\/wp\/v2\/users\/3"}],"replies":[{"embeddable":true,"href":"https:\/\/www.actualidadadiario.com\/index.php\/wp-json\/wp\/v2\/comments?post=18065"}],"version-history":[{"count":1,"href":"https:\/\/www.actualidadadiario.com\/index.php\/wp-json\/wp\/v2\/posts\/18065\/revisions"}],"predecessor-version":[{"id":18068,"href":"https:\/\/www.actualidadadiario.com\/index.php\/wp-json\/wp\/v2\/posts\/18065\/revisions\/18068"}],"wp:featuredmedia":[{"embeddable":true,"href":"https:\/\/www.actualidadadiario.com\/index.php\/wp-json\/wp\/v2\/media\/18067"}],"wp:attachment":[{"href":"https:\/\/www.actualidadadiario.com\/index.php\/wp-json\/wp\/v2\/media?parent=18065"}],"wp:term":[{"taxonomy":"category","embeddable":true,"href":"https:\/\/www.actualidadadiario.com\/index.php\/wp-json\/wp\/v2\/categories?post=18065"},{"taxonomy":"post_tag","embeddable":true,"href":"https:\/\/www.actualidadadiario.com\/index.php\/wp-json\/wp\/v2\/tags?post=18065"}],"curies":[{"name":"wp","href":"https:\/\/api.w.org\/{rel}","templated":true}]}}