{"id":18063,"date":"2017-09-29T11:26:49","date_gmt":"2017-09-29T14:26:49","guid":{"rendered":"http:\/\/actualidadadiario.com\/site\/?p=18063"},"modified":"2017-09-29T11:26:49","modified_gmt":"2017-09-29T14:26:49","slug":"que-incriminaria-a-cada-uno-de-los-acusados-por-el-crimen-de-micaela-garcia","status":"publish","type":"post","link":"https:\/\/www.actualidadadiario.com\/index.php\/2017\/09\/29\/que-incriminaria-a-cada-uno-de-los-acusados-por-el-crimen-de-micaela-garcia\/","title":{"rendered":"Qu\u00e9 incriminar\u00eda a cada uno de los acusados por el crimen de Micaela Garc\u00eda"},"content":{"rendered":"<p><em><strong>El pr\u00f3ximo viernes ser\u00edan los alegatos. &#8220;Sabemos que Wagner ser\u00e1 condenado. Respecto a Pav\u00f3n no hay pruebas directas, pero se cuenta con muchos indicios. Depender\u00e1 de lo que considera v\u00e1lido el Tribunal&#8221;, adelant\u00f3 el querellante<\/strong><\/em><\/p>\n<p>&nbsp;<\/p>\n<p>&nbsp;<\/p>\n<p>&nbsp;<\/p>\n<p>Transcurri\u00f3 la primera semana del juicio oral por el crimen de Micaela Garc\u00eda, que tiene como imputados a Sebasti\u00e1n Wagner, N\u00e9stor Pav\u00f3n y Gabriel Otero. El debate continuar\u00e1 el martes en lo que ser\u00eda el \u00faltimo d\u00eda de testimoniales.<\/p>\n<p>&nbsp;<\/p>\n<p>Mientras tanto, las partes ya trabajan apuntando a lo que ser\u00e1 la jornada de alegatos, prevista para el viernes de la semana entrante, donde todos expondr\u00e1n sus argumentos ante el Tribunal integrado por los vocales Javier Cadenas (Presidente de causa), Dar\u00edo Ernesto Crespo y Mar\u00eda Ang\u00e9lica Pivas, que tendr\u00e1 la labor para arribar al fallo sobre cada uno de los acusados.<\/p>\n<p>&nbsp;<\/p>\n<p>Al respecto, el abogado querellante, Jorge Impini, resalt\u00f3 que en el primer d\u00eda de audiencia &#8220;fue impactante escuchar la declaraci\u00f3n de la madre de Micaela, Andrea Lescano&#8221;.<\/p>\n<p>&nbsp;<\/p>\n<p>&#8220;Wagner declar\u00f3 ese d\u00eda y lo hizo con un ayuda memoria que hab\u00eda escrito, ya que dada su personalidad e inestabilidad, no quer\u00eda dejar detalles sin recordar, por lo que la Defensa solicit\u00f3 se lo autorice a hacerlo&#8221;, manifest\u00f3 el profesional.<\/p>\n<p>&nbsp;<\/p>\n<p>Corrobor\u00f3 que el principal acusado &#8220;fue concreto en se\u00f1alar que abus\u00f3 de la v\u00edctima, pero se retir\u00f3 y al regresar se percat\u00f3 de lo que hab\u00eda pasado. Cont\u00f3 lo sucedido de una manera, pero se lo observ\u00f3 exaltado cuando lleg\u00f3 el momento de hablar del homicidio, algo que no est\u00e1 de acuerdo dentro de su escala de valores, muy personales por cierto. Se lo vio alterado y amenazante en la mirada contra Pav\u00f3n, agregando que fue \u00e9ste quien le aconsej\u00f3 para que se fuera a Buenos Aires. Asegur\u00f3 que \u00e9l quer\u00eda que se supiera la verdad, tras lo cual se autoriz\u00f3 que no presenciara el debate por pedido del acusado y cuestiones de seguridad&#8221;.<\/p>\n<p>&nbsp;<\/p>\n<p>Por su parte, Pav\u00f3n declar\u00f3 &#8220;por quinta vez y tuvo serias diferencias con las anteriores, pero dijo que esa madrugada regres\u00f3 a las 3:20 a su casa y reci\u00e9n al otro d\u00eda le avisan que Wagner no hab\u00eda abierto el lavadero. El nombr\u00f3 a un vecino que lo hab\u00eda visto llegar, pero ese testigo declar\u00f3 en juicio y neg\u00f3 esto, por lo que desvirtu\u00f3 sus dichos, teniendo contradicciones tambi\u00e9n con uno de sus empleados. Llam\u00f3 la atenci\u00f3n que \u00e9l no supiera nada de que se estaba buscando a una joven&#8221;, manifest\u00f3 el querellante en declaraciones al sitio 03442.<\/p>\n<p>&nbsp;<\/p>\n<p>La declaraci\u00f3n de Nora Gonz\u00e1lez (expareja de Wagner) &#8220;tambi\u00e9n lo compromete seriamente&#8221;, afirm\u00f3.<\/p>\n<p>&nbsp;<\/p>\n<p>Por su parte Otero &#8220;declar\u00f3 y neg\u00f3 su responsabilidad, lo que habr\u00e1 que analizar detalladamente, ya que hay una persona que dijo verlo con Pav\u00f3n (\u00fanico elementos que lo liga al caso), pero se espera la declaraci\u00f3n de testigos de la Defensa, que lo ubicar\u00edan en otro lugar en ese horario&#8221;.<\/p>\n<p>&nbsp;<\/p>\n<p>Impini sostiene que Pav\u00f3n no fue ajeno al hecho, pero esta postura es una importante sumatoria de indicios, que espera hacer valer a la hora de que los vocales analicen lo sucedido en el debate.<\/p>\n<p>&nbsp;<\/p>\n<p>El martes ser\u00e1 el \u00faltimo d\u00eda de testimoniales. Se escuchar\u00e1n los testigos restantes, por lo que luego se espera la jornada de alegatos.<\/p>\n<p>&nbsp;<\/p>\n<p>Respecto a esto, el abogado indic\u00f3: &#8220;El martes ser\u00e1 la \u00faltima tanda de testigos de la Fiscal\u00eda, algunos peritos y los testigos de la Defensa como ser la esposa y el hijo de Pav\u00f3n. Lamentablemente hubo muchos testigos que no llegaron a declarar a juicio por miedo y eso es inevitable&#8221;.<\/p>\n<p>&nbsp;<\/p>\n<p>El viernes ser\u00edan los alegatos. &#8220;Se realizar\u00e1 un an\u00e1lisis de lo observado en debate y las partes intentar\u00e1n ser contundentes en sus posturas para que esto sea analizado por el Tribunal, tras los cual seguramente deberemos esperar unos d\u00edas para conocer el fallo&#8221;.<\/p>\n<p>&nbsp;<\/p>\n<p>&#8220;Sabemos que Wagner ser\u00e1 condenado. Respecto a Pav\u00f3n no hay pruebas directas, pero se cuenta con muchos indicios. Depender\u00e1 de lo que considera v\u00e1lido el Tribunal tras los alegatos&#8221;, complet\u00f3 el querellante.<\/p>\n<p>&nbsp;<\/p>\n<p>&nbsp;<\/p>\n<p><strong>El caso<\/strong><\/p>\n<p>Micaela Garc\u00eda, una estudiante de profesorado educaci\u00f3n f\u00edsica de 21 a\u00f1os, desapareci\u00f3 el 1 de abril luego de salir de un boliche de Gualeguay y su cuerpo fue hallado siete d\u00edas m\u00e1s tarde, con signos de haber sido estrangulada y posiblemente violada.<\/p>\n<p>&nbsp;<\/p>\n<p>Seg\u00fan la instrucci\u00f3n del caso, la joven fue secuestrada y asesinada en la misma fecha de su desaparici\u00f3n en la camioneta Renault 18 Break perteneciente a Wagner, quien fue detenido d\u00edas m\u00e1s tarde del hallazgo del cuerpo de la v\u00edctima en la localidad bonaerense de Moreno.<\/p>\n","protected":false},"excerpt":{"rendered":"<p>El pr\u00f3ximo viernes ser\u00edan los alegatos. &#8220;Sabemos que Wagner ser\u00e1 condenado. Respecto a Pav\u00f3n no hay pruebas directas, pero se cuenta con muchos indicios. Depender\u00e1 de lo que considera v\u00e1lido el Tribunal&#8221;, adelant\u00f3 el querellante &nbsp; &nbsp; &nbsp; Transcurri\u00f3 la primera semana del juicio oral por el crimen de Micaela Garc\u00eda, que tiene como imputados a Sebasti\u00e1n Wagner, N\u00e9stor Pav\u00f3n y Gabriel Otero. El debate continuar\u00e1 el martes en lo que ser\u00eda el \u00faltimo d\u00eda de testimoniales. &nbsp; Mientras tanto, las partes ya trabajan apuntando a lo que ser\u00e1 la&#8230;<\/p>\n","protected":false},"author":3,"featured_media":17708,"comment_status":"closed","ping_status":"closed","sticky":false,"template":"","format":"standard","meta":[],"categories":[15],"tags":[],"_links":{"self":[{"href":"https:\/\/www.actualidadadiario.com\/index.php\/wp-json\/wp\/v2\/posts\/18063"}],"collection":[{"href":"https:\/\/www.actualidadadiario.com\/index.php\/wp-json\/wp\/v2\/posts"}],"about":[{"href":"https:\/\/www.actualidadadiario.com\/index.php\/wp-json\/wp\/v2\/types\/post"}],"author":[{"embeddable":true,"href":"https:\/\/www.actualidadadiario.com\/index.php\/wp-json\/wp\/v2\/users\/3"}],"replies":[{"embeddable":true,"href":"https:\/\/www.actualidadadiario.com\/index.php\/wp-json\/wp\/v2\/comments?post=18063"}],"version-history":[{"count":1,"href":"https:\/\/www.actualidadadiario.com\/index.php\/wp-json\/wp\/v2\/posts\/18063\/revisions"}],"predecessor-version":[{"id":18064,"href":"https:\/\/www.actualidadadiario.com\/index.php\/wp-json\/wp\/v2\/posts\/18063\/revisions\/18064"}],"wp:featuredmedia":[{"embeddable":true,"href":"https:\/\/www.actualidadadiario.com\/index.php\/wp-json\/wp\/v2\/media\/17708"}],"wp:attachment":[{"href":"https:\/\/www.actualidadadiario.com\/index.php\/wp-json\/wp\/v2\/media?parent=18063"}],"wp:term":[{"taxonomy":"category","embeddable":true,"href":"https:\/\/www.actualidadadiario.com\/index.php\/wp-json\/wp\/v2\/categories?post=18063"},{"taxonomy":"post_tag","embeddable":true,"href":"https:\/\/www.actualidadadiario.com\/index.php\/wp-json\/wp\/v2\/tags?post=18063"}],"curies":[{"name":"wp","href":"https:\/\/api.w.org\/{rel}","templated":true}]}}