{"id":18057,"date":"2017-09-29T11:25:13","date_gmt":"2017-09-29T14:25:13","guid":{"rendered":"http:\/\/actualidadadiario.com\/site\/?p=18057"},"modified":"2017-09-29T11:25:13","modified_gmt":"2017-09-29T14:25:13","slug":"se-construiran-500-viviendas-integramente-con-fondos-provinciales","status":"publish","type":"post","link":"https:\/\/www.actualidadadiario.com\/index.php\/2017\/09\/29\/se-construiran-500-viviendas-integramente-con-fondos-provinciales\/","title":{"rendered":"Se construir\u00e1n 500 viviendas \u00edntegramente con fondos provinciales"},"content":{"rendered":"<p><em><strong>El gobernador Gustavo Bordet anunci\u00f3 que se pondr\u00e1 en marcha el programa Primero Entre R\u00edos, Primero tu Casa para construir 500 viviendas de inter\u00e9s social en el territorio entrerriano, financiadas exclusivamente con fondos provinciales<\/strong><\/em><\/p>\n<p>&nbsp;<\/p>\n<p>&nbsp;<\/p>\n<p>&nbsp;<\/p>\n<p>Al hacer uso de la palabra este jueves en la 3\u00ba Jornada de Infraestructura y Construcci\u00f3n, organizada por la C\u00e1mara Argentina de la Construcci\u00f3n, el primer mandatario entrerriano mencion\u00f3 que dicho programa se llevar\u00e1 adelante a trav\u00e9s del Instituto Aut\u00e1rquico de Planeamiento y Vivienda (IAPV).<\/p>\n<p>&nbsp;<\/p>\n<p>En ese marco, indic\u00f3 que desde el gobierno se ve con especial inter\u00e9s el hecho de poder lograr acceso al cr\u00e9dito y poder de esta manera llegar a soluciones habitacionales a un segmento de la poblaci\u00f3n que a veces quedaba excluido porque no calificaba para carpetas bancarias ni tampoco programas sociales de viviendas.<\/p>\n<p>&nbsp;<\/p>\n<p>&#8220;Poder universalizar a todas las familias en el acceso a la vivienda es un gran objetivo que nos hemos propuesto y en esto venimos trabajando de manera conjunta con el gobierno nacional, en planes de viviendas en distintos lugares de la provincia, donde la Naci\u00f3n financia el 66 por ciento y el 34 por ciento restante lo financiamos con la provincia&#8221;, precis\u00f3 el gobernador.<\/p>\n<p>&nbsp;<\/p>\n<p>Explic\u00f3 que \u201chemos estado trabajando en los n\u00fameros de nuestro presupuesto, Entre R\u00edos es una de las provincias que m\u00e1s alto grado de cobrabilidad sobre las cuotas tiene a trav\u00e9s del Instituto Provincial de la Vivienda de aquellos que ya son beneficiarios de una unidad habitacional\u201d, y esto \u201cha permitido, sumado a un poco del recupero de Fonavi, m\u00e1s un aporte que vamos a realizar de los fondos del Tesoro Provincial, poder lanzar el a\u00f1o que viene un plan de 500 viviendas que ser\u00e1n financiadas \u00edntegramente con fondos provinciales&#8221;, anticip\u00f3.<\/p>\n<p>&nbsp;<\/p>\n<p>\u201cEsto nos pone orgullosos\u201d, asegur\u00f3 el mandatario, y continu\u00f3: \u201cPor ah\u00ed 500 puede ser un n\u00famero no significativo en cuanto a la demanda que existe, pero es un muy buen punto de partida. Hac\u00eda much\u00edsimos a\u00f1os que la provincia no encaraba un plan con fondos \u00edntegramente provinciales, lo hacemos porque hay una muy buena administraci\u00f3n en el Instituto y tambi\u00e9n porque entendemos que hay una demanda insatisfecha en muchos lugares de la provincia y tienen que ser aplicados estos fondos de manera responsable, austera, como lo venimos administrando y efectiva para lograr llegar a muchas familias que todav\u00eda necesitan el techo propio&#8221;.<\/p>\n<p>&nbsp;<\/p>\n<p>&nbsp;<\/p>\n<p><strong>Sector dinamizador<\/strong><\/p>\n<p>El gobernador destac\u00f3 la importancia de &#8220;poder participar como gobierno provincial de estas jornadas, habida cuenta de la importancia que tiene el sector como dinamizador de la econom\u00eda en nuestra provincia como un gran generador de empleo en todo el territorio entrerrianos&#8221;.<\/p>\n<p>&nbsp;<\/p>\n<p>Y agreg\u00f3: &#8220;Tambi\u00e9n para ver nuevas pr\u00e1cticas y t\u00e9cnicas aplicadas a los sistemas constructivos y tener un punto de encuentro con el sector privado para no s\u00f3lo interactuar sino tambi\u00e9n ponernos de acuerdo en proyectos y programas para desarrollar y llevar adelante en todo lo que hace a la obra p\u00fablica provincial&#8221;.<\/p>\n<p>&nbsp;<\/p>\n<p>En la oportunidad, agradeci\u00f3 a los presentes en el lugar &#8220;por el trabajo que desarrollamos de manera cotidiana\u201d, e invit\u00f3 a \u201credoblar esfuerzos para poder continuar de esta manera, trabajando entre el gobierno nacional, el provincial, los municipales\u201d.<\/p>\n<p>&nbsp;<\/p>\n<p>Por \u00faltimo, coment\u00f3 que \u201ctomamos un endeudamiento internacional donde el 16 por ciento se aplica a municipios solamente para obra p\u00fablica y equipamiento. Esto tambi\u00e9n genera desde los municipios la posibilidad de desarrollar y reactivar el sistema de la construcci\u00f3n a trav\u00e9s de la obra p\u00fablica. Esto es lo que nos hemos planteado como objetivos y entendemos que esta articulaci\u00f3n no solo es intragobiernos, sino fundamental y necesariamente con el sector privado para que podamos cumplir todos nuestros objetivos&#8221;.<\/p>\n<p>&nbsp;<\/p>\n<p>Acompa\u00f1aron al gobernador, el vicegobernador de la provincia, Ad\u00e1n Humberto Bahl; el diputado provincial Juan Jos\u00e9 Bahillo; el presidente de la C\u00e1mara Argentina de la Construcci\u00f3n, Gustavo Weiss; y de la C\u00e1mara de Entre R\u00edos, Miguel Marizza, entre otras autoridades.<\/p>\n<p>&nbsp;<\/p>\n<p>&nbsp;<\/p>\n<p><strong>El programa<\/strong><\/p>\n<p>El aumento permanente de la demanda de viviendas, en paralelismo con el crecimiento poblacional, hace imprescindible la necesidad de implementar programas de construcci\u00f3n utilizando fondos propios para poder atender la demanda. Es por ello que se cre\u00f3 el denominado Primero Entre R\u00edos, Primero tu Casa.<\/p>\n<p>&nbsp;<\/p>\n<p>En ese marco, el IAPV elabor\u00f3 un proyecto de un prototipo evolutivo que permite la construcci\u00f3n de tres tipolog\u00edas: prototipo monoambiente (una planta base de espacio \u00fanico con ba\u00f1o), prototipo de un dormitorio y prototipo de dos dormitorios.<\/p>\n<p>&nbsp;<\/p>\n<p>Sobre la misma planta base (del monoambiente) el proyecto permite ir incorporando dormitorios y posibilitando el crecimiento de la vivienda hasta un m\u00e1ximo de tres dormitorios.<\/p>\n<p>&nbsp;<\/p>\n<p>Esto brinda a los futuros adjudicatarios de cualquiera de las tipolog\u00edas que se construyan, contar con una vivienda ya pensada en pos de un crecimiento en superficie acorde a sus caracter\u00edsticas familiares.<\/p>\n<p>&nbsp;<\/p>\n<p>Adem\u00e1s el proyecto prioriza la accesibilidad y funcionalidad de la vivienda, mejora las t\u00e9cnicas constructivas y su materializaci\u00f3n, sin dejar de pensar en caracter\u00edsticas ambientes saludables, desarrolladas en ambientes ventilados y asoleados.<\/p>\n<p>&nbsp;<\/p>\n<p>Todo esto permite al IAPV brindar soluciones habitacionales con empleo de nuevas tecnolog\u00edas y priorizando el futuro desarrollo de la unidad de vivienda y al gobierno provincial seguir dando respuestas a las miles de familias entrerrianas que a\u00fan no cuentan con su techo propio.<\/p>\n","protected":false},"excerpt":{"rendered":"<p>El gobernador Gustavo Bordet anunci\u00f3 que se pondr\u00e1 en marcha el programa Primero Entre R\u00edos, Primero tu Casa para construir 500 viviendas de inter\u00e9s social en el territorio entrerriano, financiadas exclusivamente con fondos provinciales &nbsp; &nbsp; &nbsp; Al hacer uso de la palabra este jueves en la 3\u00ba Jornada de Infraestructura y Construcci\u00f3n, organizada por la C\u00e1mara Argentina de la Construcci\u00f3n, el primer mandatario entrerriano mencion\u00f3 que dicho programa se llevar\u00e1 adelante a trav\u00e9s del Instituto Aut\u00e1rquico de Planeamiento y Vivienda (IAPV). &nbsp; En ese marco, indic\u00f3 que desde el&#8230;<\/p>\n","protected":false},"author":3,"featured_media":18058,"comment_status":"closed","ping_status":"closed","sticky":false,"template":"","format":"standard","meta":[],"categories":[15],"tags":[],"_links":{"self":[{"href":"https:\/\/www.actualidadadiario.com\/index.php\/wp-json\/wp\/v2\/posts\/18057"}],"collection":[{"href":"https:\/\/www.actualidadadiario.com\/index.php\/wp-json\/wp\/v2\/posts"}],"about":[{"href":"https:\/\/www.actualidadadiario.com\/index.php\/wp-json\/wp\/v2\/types\/post"}],"author":[{"embeddable":true,"href":"https:\/\/www.actualidadadiario.com\/index.php\/wp-json\/wp\/v2\/users\/3"}],"replies":[{"embeddable":true,"href":"https:\/\/www.actualidadadiario.com\/index.php\/wp-json\/wp\/v2\/comments?post=18057"}],"version-history":[{"count":1,"href":"https:\/\/www.actualidadadiario.com\/index.php\/wp-json\/wp\/v2\/posts\/18057\/revisions"}],"predecessor-version":[{"id":18059,"href":"https:\/\/www.actualidadadiario.com\/index.php\/wp-json\/wp\/v2\/posts\/18057\/revisions\/18059"}],"wp:featuredmedia":[{"embeddable":true,"href":"https:\/\/www.actualidadadiario.com\/index.php\/wp-json\/wp\/v2\/media\/18058"}],"wp:attachment":[{"href":"https:\/\/www.actualidadadiario.com\/index.php\/wp-json\/wp\/v2\/media?parent=18057"}],"wp:term":[{"taxonomy":"category","embeddable":true,"href":"https:\/\/www.actualidadadiario.com\/index.php\/wp-json\/wp\/v2\/categories?post=18057"},{"taxonomy":"post_tag","embeddable":true,"href":"https:\/\/www.actualidadadiario.com\/index.php\/wp-json\/wp\/v2\/tags?post=18057"}],"curies":[{"name":"wp","href":"https:\/\/api.w.org\/{rel}","templated":true}]}}