{"id":18054,"date":"2017-09-29T11:24:24","date_gmt":"2017-09-29T14:24:24","guid":{"rendered":"http:\/\/actualidadadiario.com\/site\/?p=18054"},"modified":"2017-09-29T11:24:24","modified_gmt":"2017-09-29T14:24:24","slug":"la-provincia-avanza-en-acciones-en-materia-de-problematicas-adolescentes","status":"publish","type":"post","link":"https:\/\/www.actualidadadiario.com\/index.php\/2017\/09\/29\/la-provincia-avanza-en-acciones-en-materia-de-problematicas-adolescentes\/","title":{"rendered":"La provincia avanza en acciones en materia de problem\u00e1ticas adolescentes"},"content":{"rendered":"<p><em><strong>Las \u00e1reas de ni\u00f1ez, adolescencia y familia de la provincia y la Naci\u00f3n fijaron una agenda conjunta sobre Prevenci\u00f3n de embarazo adolescente y el acompa\u00f1amiento de j\u00f3venes sin cuidados parentales que se alojan en Residencias Socio Educativas (RSE)<\/strong><\/em><\/p>\n<p>&nbsp;<\/p>\n<p>&nbsp;<\/p>\n<p>&nbsp;<\/p>\n<p>&nbsp;<\/p>\n<p>El Consejo Provincial del Ni\u00f1o, el Adolescente y la Familia (Copnaf), Entre R\u00edos trabajar\u00e1 en conjunto esa problem\u00e1tica con la Secretar\u00eda Nacionalde Ni\u00f1ez, Adolescencia y Familia (Sennaf).<\/p>\n<p>&nbsp;<\/p>\n<p>As\u00ed lo acord\u00f3 la presidenta del Copnaf, Marisa Paira, quien mantuvo una reuni\u00f3n en Buenos Aires con el titular de la Sennaf, Gabriel Enrique Castelli. \u201cAnalizamos algunos ejes que se abordaron en el \u00faltimo Congreso de la Sennaf, celebrado en Jujuy recientemente, donde Entre R\u00edos particip\u00f3, puntualmente respecto al tema de prevenci\u00f3n del embarazo adolescente y a la reglamentaci\u00f3n de la Ley Nacional 27.364, de egreso asistido, la que se llama Programa de Acompa\u00f1amiento para el egreso de j\u00f3venes sin cuidados parentales, que tiene previsto un aporte para aquellos adolescentes que viven en Residencias Socio Educativas\u201d, dijo Paira.<\/p>\n<p>&nbsp;<\/p>\n<p>Tambi\u00e9n coment\u00f3 que el aporte de esa ley es para la compra de materiales para desarrollar distintos talleres educativos y recreativos. \u201cPor otro lado se firm\u00f3 un acta acuerdo respecto de un aporte de Naci\u00f3n en el marco de la Subdirecci\u00f3n de \u00c1reas penales para arreglos de centros cerrados; en nuestra provincia hay dos de \u00e9ste car\u00e1cter\u201d.<\/p>\n<p>&nbsp;<\/p>\n<p>&nbsp;<\/p>\n<p><strong>Reuni\u00f3n con Unicef y Doncel<\/strong><\/p>\n<p>En otro encuentro de trabajo, la titular del Copnaf se reuni\u00f3 con referentes de Unicef Argentina y Doncel Asociaci\u00f3n Civil, para avanzar en la implementaci\u00f3n del proyecto que se desarrolla en conjunto. \u201cSe trata de la elaboraci\u00f3n de una gu\u00eda de est\u00e1ndares de cuidado de ni\u00f1os que se encuentran en Residencias Socio Educativas; acordamos un cronograma de trabajo, que comenzar\u00e1 en octubre con la visita de representantes de estas entidades a las primeras residencias que conformar\u00e1n parte de la muestra del trabajo investigativo que ambas est\u00e1n llevando a cabo. Sobre este mismo tema, discutimos criterios respecto a las directrices de Naciones Unidas que se incluir\u00e1n en la gu\u00eda\u201d, explic\u00f3 la titular del Copnaf.<\/p>\n","protected":false},"excerpt":{"rendered":"<p>Las \u00e1reas de ni\u00f1ez, adolescencia y familia de la provincia y la Naci\u00f3n fijaron una agenda conjunta sobre Prevenci\u00f3n de embarazo adolescente y el acompa\u00f1amiento de j\u00f3venes sin cuidados parentales que se alojan en Residencias Socio Educativas (RSE) &nbsp; &nbsp; &nbsp; &nbsp; El Consejo Provincial del Ni\u00f1o, el Adolescente y la Familia (Copnaf), Entre R\u00edos trabajar\u00e1 en conjunto esa problem\u00e1tica con la Secretar\u00eda Nacionalde Ni\u00f1ez, Adolescencia y Familia (Sennaf). &nbsp; As\u00ed lo acord\u00f3 la presidenta del Copnaf, Marisa Paira, quien mantuvo una reuni\u00f3n en Buenos Aires con el titular de&#8230;<\/p>\n","protected":false},"author":3,"featured_media":18055,"comment_status":"closed","ping_status":"closed","sticky":false,"template":"","format":"standard","meta":[],"categories":[15],"tags":[],"_links":{"self":[{"href":"https:\/\/www.actualidadadiario.com\/index.php\/wp-json\/wp\/v2\/posts\/18054"}],"collection":[{"href":"https:\/\/www.actualidadadiario.com\/index.php\/wp-json\/wp\/v2\/posts"}],"about":[{"href":"https:\/\/www.actualidadadiario.com\/index.php\/wp-json\/wp\/v2\/types\/post"}],"author":[{"embeddable":true,"href":"https:\/\/www.actualidadadiario.com\/index.php\/wp-json\/wp\/v2\/users\/3"}],"replies":[{"embeddable":true,"href":"https:\/\/www.actualidadadiario.com\/index.php\/wp-json\/wp\/v2\/comments?post=18054"}],"version-history":[{"count":1,"href":"https:\/\/www.actualidadadiario.com\/index.php\/wp-json\/wp\/v2\/posts\/18054\/revisions"}],"predecessor-version":[{"id":18056,"href":"https:\/\/www.actualidadadiario.com\/index.php\/wp-json\/wp\/v2\/posts\/18054\/revisions\/18056"}],"wp:featuredmedia":[{"embeddable":true,"href":"https:\/\/www.actualidadadiario.com\/index.php\/wp-json\/wp\/v2\/media\/18055"}],"wp:attachment":[{"href":"https:\/\/www.actualidadadiario.com\/index.php\/wp-json\/wp\/v2\/media?parent=18054"}],"wp:term":[{"taxonomy":"category","embeddable":true,"href":"https:\/\/www.actualidadadiario.com\/index.php\/wp-json\/wp\/v2\/categories?post=18054"},{"taxonomy":"post_tag","embeddable":true,"href":"https:\/\/www.actualidadadiario.com\/index.php\/wp-json\/wp\/v2\/tags?post=18054"}],"curies":[{"name":"wp","href":"https:\/\/api.w.org\/{rel}","templated":true}]}}