{"id":18048,"date":"2017-09-29T11:22:57","date_gmt":"2017-09-29T14:22:57","guid":{"rendered":"http:\/\/actualidadadiario.com\/site\/?p=18048"},"modified":"2017-09-29T11:22:57","modified_gmt":"2017-09-29T14:22:57","slug":"bordet-ratifico-su-compromiso-de-trabajo-en-politicas-publicas-que-trasciendan-la-gestion","status":"publish","type":"post","link":"https:\/\/www.actualidadadiario.com\/index.php\/2017\/09\/29\/bordet-ratifico-su-compromiso-de-trabajo-en-politicas-publicas-que-trasciendan-la-gestion\/","title":{"rendered":"Bordet ratific\u00f3 su compromiso de trabajo en pol\u00edticas p\u00fablicas que trasciendan la gesti\u00f3n"},"content":{"rendered":"<p><em><strong>El gobernador Gustavo Bordet recorri\u00f3 en Victoria la obra en la Escuela N\u00ba 1 y entreg\u00f3 aportes a instituciones. &#8220;Hay que transformar estas acciones en pol\u00edticas p\u00fablicas que trasciendan la gesti\u00f3n de gobierno&#8221;, asegur\u00f3<\/strong><\/em><\/p>\n<p>&nbsp;<\/p>\n<p>&nbsp;<\/p>\n<p>&nbsp;<\/p>\n<p>El gobernador Gustavo Bordet visit\u00f3 Victoria este viernes por la tarde. Recorri\u00f3 la obra de ampliaci\u00f3n, refacci\u00f3n y puesta en valor de la escuela N\u00ba 1 Francisco Narciso Laprida, en la que se han invertido m\u00e1s de 22 millones de pesos; y encabez\u00f3 un acto de entrega de aportes por un total de 694 mil pesos, en el club 25 de Mayo.<\/p>\n<p>&nbsp;<\/p>\n<p>En el establecimiento educativo, el mandatario entrerriano recorri\u00f3 el jard\u00edn de infantes, la biblioteca y el comedor. En ese \u00e1mbito agradeci\u00f3 a la comunidad educativa &#8220;por la alegr\u00eda\u201d con la que fue recibido. \u201cAgradezco el hecho de estar aqu\u00ed compartiendo lo que no es una visita, porque vinimos cuando est\u00e1bamos a mitad de camino y hab\u00eda que terminar la obra, comprometimos concluirla, y estamos casi finaliz\u00e1ndola&#8221;, se\u00f1al\u00f3. \u201cVinimos porque siempre hay algo m\u00e1s por hacer, y todav\u00eda nos queda para seguir trabajando en conjunto\u201d, indic\u00f3.<\/p>\n<p>&nbsp;<\/p>\n<p>Bordet, asimismo, destac\u00f3 el trabajo de la cooperadora por el esfuerzo que ha puesto en la instituci\u00f3n. \u201cEsta escuela maravillosa forma parte de la historia de la ciudad&#8221;, afirm\u00f3, y al dirigirse a los chicos, les dijo: &#8220;Disfr\u00fatenla, porque es de ustedes; en el colegio uno forja valores tan lindos como la amistad, que quedan para toda la vida&#8221;.<\/p>\n<p>&nbsp;<\/p>\n<p>Por su parte la ministra de Desarrollo Social, Laura Stratta, dijo que la obra es \u201cmuy cara a los sentimientos de los victorienses\u201d.<\/p>\n<p>&nbsp;<\/p>\n<p>\u201cMientras recorr\u00edamos la escuela, la directora y la cooperadora nos hac\u00edan acuerdo de que nuestro gobernador se hab\u00eda comprometido con esta obra para que se pueda continuar y concluir, y la realidad es que hoy estamos en un 95 por ciento. Solo faltan algunos detalles y en breve estaremos cortando cinta. Tengo que agradecerle al gobernador de nuestra provincia que siempre cumple con su palabra\u201d, asever\u00f3 la ministra.<\/p>\n<p>&nbsp;<\/p>\n<p>En tanto el intendente de Victoria, Domingo Maiocco, manifest\u00f3 su agradecimiento al gobernador por la visita: &#8220;Tiene el poder de ver esta obra a la que tan poco le est\u00e1 faltando y con un poquito m\u00e1s de esfuerzo pronto estar\u00e1 terminada&#8221;, dijo.<\/p>\n<p>&nbsp;<\/p>\n<p>&nbsp;<\/p>\n<p><strong>Detalles de la obra<\/strong><\/p>\n<p>La obra que la provincia ejecuta en la Escuela N\u00ba1 beneficiar\u00e1 a m\u00e1s de 700 alumnos de nivel inicial y primario, e incluye la restauraci\u00f3n y puesta en valor del edificio completo, inaugurado en 1914, constituyendo un patrimonio de la ciudad.<\/p>\n<p>&nbsp;<\/p>\n<p>Las tareas abarcan aproximadamente 1.490 metros cuadrados cubiertos y 170 metros cuadrados descubiertos, trabajos de reparaci\u00f3n de cubiertas, instalaci\u00f3n sanitaria, instalaci\u00f3n el\u00e9ctrica, accesibilidad, biblioteca nueva, comedor nuevo y aulas de jard\u00edn nuevas.<\/p>\n<p>&nbsp;<\/p>\n<p>&nbsp;<\/p>\n<p><strong>Acto en el club 25 de Mayo <\/strong><\/p>\n<p>El gobernador, en el club 25 de Mayo, realiz\u00f3 la entrega de aportes a entidades deportivas, deportistas, y beneficiarios de los programas Poder Popular y Mejor es Hacer. &#8220;Hoy entregamos aportes para muchas instituciones. Por eso traemos el aporte para el club 25 de Mayo y junto a otros clubes de la ciudad, como el Hurac\u00e1n, vamos a hacer un aporte de un mill\u00f3n de pesos para una cancha de hockey sint\u00e9tico&#8221;, indic\u00f3.<\/p>\n<p>&nbsp;<\/p>\n<p>Seg\u00fan subray\u00f3, &#8220;esto genera calidad de vida, buenos h\u00e1bitos y deportistas que nos representan en otros lugares. Estamos orgullosos pero tenemos que hacer la parte que nos toca, que es tener infraestructura deportiva y apoyar a los clubes para que puedan seguir llevando adelante esa tarea magn\u00edfica de contenci\u00f3n social&#8221;.<\/p>\n<p>&nbsp;<\/p>\n<p>En su alocuci\u00f3n el gobernador tambi\u00e9n habl\u00f3 de la belleza de la ciudad y de las obras que se est\u00e1n desarrollando, como los desag\u00fces, &#8220;para lograr tener un saneamiento hidr\u00e1ulico\u201d. En ese orden resalt\u00f3: \u201cEsto es fruto del trabajo articulado que hacemos en equipo, trabajando con el intendente, con el senador, y con la ministra, porque los problemas son comunes a todos&#8221;.<\/p>\n<p>&nbsp;<\/p>\n<p>&#8220;Las elecciones pasan y los problemas quedan, y el lunes tenemos que estar de vuelta el intendente, el senador, la ministra, y el gobernador, resolviendo los problemas. Y por eso estamos ac\u00e1, para comprometernos en resolver todo lo mucho que hace falta&#8221;, afirm\u00f3 adem\u00e1s.<\/p>\n<p>&nbsp;<\/p>\n<p>Igualmente Bordet enumer\u00f3: &#8220;Estamos terminando una obra muy importante de gas e iniciamos otra muy demandada por la ciudad, como es la planta reductora de gas en el parque industrial y la extensi\u00f3n hacia las termas de la red de gas natural. De esta manera, tanto el parque industrial como las termas, que son un emprendimiento tur\u00edstico importante, podr\u00e1n contar con gas natural&#8221;.<\/p>\n<p>&nbsp;<\/p>\n<p>El gobernador, por \u00faltimo, remarc\u00f3 la ejecuci\u00f3n de la obra hidr\u00e1ulica del desag\u00fce de calle Ezpeleta y afirm\u00f3: &#8220;Hay que transformar estas acciones en pol\u00edticas p\u00fablicas que trasciendan la gesti\u00f3n de gobierno&#8221;.<\/p>\n<p>&nbsp;<\/p>\n<p>&nbsp;<\/p>\n<p><strong>Compromiso con las instituciones <\/strong><\/p>\n<p>A su turno, Stratta rememor\u00f3: \u201cHace dos meses aproximadamente el gobernador vino a este club, lo recorri\u00f3, dialog\u00f3 con el presidente y la comisi\u00f3n directiva, y se comprometi\u00f3 a generar los aportes para colaborar con la pileta del Club 25 de Mayo, y hoy estamos entregando aportes\u201d.<\/p>\n<p>&nbsp;<\/p>\n<p>\u201cEstoy segura que en esta pileta aprendimos a nadar muchos de los que estamos ac\u00e1 y que pasamos muchas horas de nuestra infancia y adolescencia. No es \u00fanicamente importante para el club, tambi\u00e9n es importante para nuestra comunidad porque es la \u00fanica pileta de estas caracter\u00edsticas que tiene nuestra ciudad, as\u00ed que este aporte es valios\u00edsimo\u201d, ahond\u00f3 al respecto.<\/p>\n<p>&nbsp;<\/p>\n<p>La ministra rescat\u00f3 el compromiso con las instituciones, con el deporte, con la cultura, y con la educaci\u00f3n. \u201cHoy entregamos aportes a instituciones deportivas, a deportistas, a instituciones de la cultura, y a los bomberos voluntarios, una instituci\u00f3n muy importante para nuestra comunidad. A las organizaciones les digo que tienen siempre nuestro compromiso de seguir trabajando y acompa\u00f1\u00e1ndolos, de continuar dise\u00f1ando pol\u00edticas p\u00fablicas que fortalezcan lo que hacen\u201d.<\/p>\n<p>&nbsp;<\/p>\n<p>\u201cLe voy a robar unas palabras al gobernador de la provincia, que siempre dice que si cada uno de nosotros hace lo que le corresponde, y si adem\u00e1s lo hace con humildad, solidaridad, honestidad y mucho compromiso, seguramente vamos a lograr cada uno desde el lugar que le toca ocupar construir una provincia mejor, que es lo que est\u00e1n esperando todos los vecinos\u201d, redonde\u00f3 Stratta.<\/p>\n<p>&nbsp;<\/p>\n<p>Por \u00faltimo, Maiocco reconoci\u00f3 al gobernador: \u201cCada vez que nos visita tenemos la suerte de que nos acerque cosas para el beneficio de la comunidad\u201d, manifest\u00f3.<\/p>\n<p>&nbsp;<\/p>\n<p>A su vez el intendente coment\u00f3 que \u201clas instituciones deportivas para Victoria juegan un rol muy importante y por suerte hay una en cada una del os barrios, por eso es muy importante que desde el Estado se tenga en cuenta las distintas actividades deportivas\u201d.<\/p>\n<p>&nbsp;<\/p>\n<p>El senador provincial del departamento Roque Ram\u00f3n Ferrari; y el secretario de Deportes, Jos\u00e9 G\u00f3mez, entre otros funcionarios provinciales y municipales, participaron de las actividades en la localidad.<\/p>\n","protected":false},"excerpt":{"rendered":"<p>El gobernador Gustavo Bordet recorri\u00f3 en Victoria la obra en la Escuela N\u00ba 1 y entreg\u00f3 aportes a instituciones. &#8220;Hay que transformar estas acciones en pol\u00edticas p\u00fablicas que trasciendan la gesti\u00f3n de gobierno&#8221;, asegur\u00f3 &nbsp; &nbsp; &nbsp; El gobernador Gustavo Bordet visit\u00f3 Victoria este viernes por la tarde. Recorri\u00f3 la obra de ampliaci\u00f3n, refacci\u00f3n y puesta en valor de la escuela N\u00ba 1 Francisco Narciso Laprida, en la que se han invertido m\u00e1s de 22 millones de pesos; y encabez\u00f3 un acto de entrega de aportes por un total de&#8230;<\/p>\n","protected":false},"author":3,"featured_media":18049,"comment_status":"closed","ping_status":"closed","sticky":false,"template":"","format":"standard","meta":[],"categories":[9,15],"tags":[],"_links":{"self":[{"href":"https:\/\/www.actualidadadiario.com\/index.php\/wp-json\/wp\/v2\/posts\/18048"}],"collection":[{"href":"https:\/\/www.actualidadadiario.com\/index.php\/wp-json\/wp\/v2\/posts"}],"about":[{"href":"https:\/\/www.actualidadadiario.com\/index.php\/wp-json\/wp\/v2\/types\/post"}],"author":[{"embeddable":true,"href":"https:\/\/www.actualidadadiario.com\/index.php\/wp-json\/wp\/v2\/users\/3"}],"replies":[{"embeddable":true,"href":"https:\/\/www.actualidadadiario.com\/index.php\/wp-json\/wp\/v2\/comments?post=18048"}],"version-history":[{"count":1,"href":"https:\/\/www.actualidadadiario.com\/index.php\/wp-json\/wp\/v2\/posts\/18048\/revisions"}],"predecessor-version":[{"id":18050,"href":"https:\/\/www.actualidadadiario.com\/index.php\/wp-json\/wp\/v2\/posts\/18048\/revisions\/18050"}],"wp:featuredmedia":[{"embeddable":true,"href":"https:\/\/www.actualidadadiario.com\/index.php\/wp-json\/wp\/v2\/media\/18049"}],"wp:attachment":[{"href":"https:\/\/www.actualidadadiario.com\/index.php\/wp-json\/wp\/v2\/media?parent=18048"}],"wp:term":[{"taxonomy":"category","embeddable":true,"href":"https:\/\/www.actualidadadiario.com\/index.php\/wp-json\/wp\/v2\/categories?post=18048"},{"taxonomy":"post_tag","embeddable":true,"href":"https:\/\/www.actualidadadiario.com\/index.php\/wp-json\/wp\/v2\/tags?post=18048"}],"curies":[{"name":"wp","href":"https:\/\/api.w.org\/{rel}","templated":true}]}}