{"id":18044,"date":"2017-09-28T09:45:11","date_gmt":"2017-09-28T12:45:11","guid":{"rendered":"http:\/\/actualidadadiario.com\/site\/?p=18044"},"modified":"2017-09-28T09:45:11","modified_gmt":"2017-09-28T12:45:11","slug":"juntasabortamos-el-hashtag-que-relata-experiencias-en-primera-persona","status":"publish","type":"post","link":"https:\/\/www.actualidadadiario.com\/index.php\/2017\/09\/28\/juntasabortamos-el-hashtag-que-relata-experiencias-en-primera-persona\/","title":{"rendered":"#JuntasAbortamos: el hashtag que relata experiencias en primera persona"},"content":{"rendered":"<p><em><strong>Desde el Twitter Red de Mujeres se lanz\u00f3 una campa\u00f1a en el marco del aborto legal, seguro y gratuito, donde muchas usuarias decidieron contar historias propias o de personas que acompa\u00f1aron a otras en esa decisi\u00f3n. Buscan abrir el debate<\/strong><\/em><\/p>\n<p>&nbsp;<\/p>\n<p>&nbsp;<\/p>\n<p>&nbsp;<\/p>\n<p>La Campa\u00f1a Nacional por el Derecho al Aborto Legal, Seguro y Gratuito en Argentina, convoca &#8220;a todas las activistas, redes y organizaciones en lucha por el derecho al aborto a unirse y organizar entre todxs #UnGritoGlobal por el #AbortoLegal&#8221;.<\/p>\n<p>&nbsp;<\/p>\n<p>La convocatoria tiene lugar en el marco de D\u00eda de lucha por el derecho al aborto en Am\u00e9rica Latina y el Caribe y se enmarca en la &#8220;Campa\u00f1a 28 de Septiembre para Am\u00e9rica Latina y el Caribe&#8221;, de la que esta Campa\u00f1a es coordinaci\u00f3n regional.<\/p>\n<p>&nbsp;<\/p>\n<p>&#8220;La Campa\u00f1a 28 de Septiembre se propone exigir las condiciones para lograr el acceso al aborto seguro y los cambios jur\u00eddicos que contribuyan a que las mujeres aspiren a plenos derechos en cada uno de los pa\u00edses de Am\u00e9rica Latina y el Caribe&#8221;, sostuvieron, e informaron que esta Campa\u00f1a est\u00e1 integrada por organizaciones &#8220;de 21 pa\u00edses y por al menos 7 redes regionales. En cada uno de los pa\u00edses realiza acciones de sensibilizaci\u00f3n, acceso a la informaci\u00f3n y a pol\u00edticas p\u00fablicas&#8221;.<\/p>\n<p>&nbsp;<\/p>\n<p>El comunicado de prensa tambi\u00e9n informa que &#8220;realizaremos una Conferencia de Prensa el jueves 28 de septiembre a las 11:00 en la Sala 3 Piso 2 del Anexo de la C\u00e1mara de Diputados, donde invitamos especialmente a todos los legisladores que apoyan el Proyecto de Ley de Interrupci\u00f3n Voluntaria del Embarazo, junto a organizaciones de derechos humanos y activistas de la Campa\u00f1a para sumarnos al #GritoGlobal por el #AbortoLegal&#8221;. Tambi\u00e9n convoca a &#8220;un tuitazo el 28 de septiembre con las etiquetas #28Septiembre #UnGritoGlobal por el #AbortoLegal de 20 a 21.30 horas&#8221;.<\/p>\n<p>&nbsp;<\/p>\n<p>El viernes 29 de septiembre habr\u00e1 una Marcha Federal donde participaran activistas de todo el pa\u00eds que se concentrar\u00e1 en Plaza de Mayo a las 15 horas.<\/p>\n<p>&nbsp;<\/p>\n<p>Por \u00faltimo, el comunicado dice que tambi\u00e9n exigir\u00e1n por el derecho a &#8220;educaci\u00f3n sexual para decidir, anticonceptivos para no abortar y aborto legal para no morir&#8221; y reclamar\u00e1n que no haya &#8220;ni muertas ni presas&#8221; por abortos clandestinos, informaron tambi\u00e9n.<\/p>\n","protected":false},"excerpt":{"rendered":"<p>Desde el Twitter Red de Mujeres se lanz\u00f3 una campa\u00f1a en el marco del aborto legal, seguro y gratuito, donde muchas usuarias decidieron contar historias propias o de personas que acompa\u00f1aron a otras en esa decisi\u00f3n. Buscan abrir el debate &nbsp; &nbsp; &nbsp; La Campa\u00f1a Nacional por el Derecho al Aborto Legal, Seguro y Gratuito en Argentina, convoca &#8220;a todas las activistas, redes y organizaciones en lucha por el derecho al aborto a unirse y organizar entre todxs #UnGritoGlobal por el #AbortoLegal&#8221;. &nbsp; La convocatoria tiene lugar en el marco&#8230;<\/p>\n","protected":false},"author":3,"featured_media":18045,"comment_status":"closed","ping_status":"closed","sticky":false,"template":"","format":"standard","meta":[],"categories":[4],"tags":[],"_links":{"self":[{"href":"https:\/\/www.actualidadadiario.com\/index.php\/wp-json\/wp\/v2\/posts\/18044"}],"collection":[{"href":"https:\/\/www.actualidadadiario.com\/index.php\/wp-json\/wp\/v2\/posts"}],"about":[{"href":"https:\/\/www.actualidadadiario.com\/index.php\/wp-json\/wp\/v2\/types\/post"}],"author":[{"embeddable":true,"href":"https:\/\/www.actualidadadiario.com\/index.php\/wp-json\/wp\/v2\/users\/3"}],"replies":[{"embeddable":true,"href":"https:\/\/www.actualidadadiario.com\/index.php\/wp-json\/wp\/v2\/comments?post=18044"}],"version-history":[{"count":1,"href":"https:\/\/www.actualidadadiario.com\/index.php\/wp-json\/wp\/v2\/posts\/18044\/revisions"}],"predecessor-version":[{"id":18046,"href":"https:\/\/www.actualidadadiario.com\/index.php\/wp-json\/wp\/v2\/posts\/18044\/revisions\/18046"}],"wp:featuredmedia":[{"embeddable":true,"href":"https:\/\/www.actualidadadiario.com\/index.php\/wp-json\/wp\/v2\/media\/18045"}],"wp:attachment":[{"href":"https:\/\/www.actualidadadiario.com\/index.php\/wp-json\/wp\/v2\/media?parent=18044"}],"wp:term":[{"taxonomy":"category","embeddable":true,"href":"https:\/\/www.actualidadadiario.com\/index.php\/wp-json\/wp\/v2\/categories?post=18044"},{"taxonomy":"post_tag","embeddable":true,"href":"https:\/\/www.actualidadadiario.com\/index.php\/wp-json\/wp\/v2\/tags?post=18044"}],"curies":[{"name":"wp","href":"https:\/\/api.w.org\/{rel}","templated":true}]}}