{"id":18035,"date":"2017-09-28T09:42:59","date_gmt":"2017-09-28T12:42:59","guid":{"rendered":"http:\/\/actualidadadiario.com\/site\/?p=18035"},"modified":"2017-09-28T09:42:59","modified_gmt":"2017-09-28T12:42:59","slug":"temer-revoca-un-polemico-decreto-que-amenazaba-la-amazonia","status":"publish","type":"post","link":"https:\/\/www.actualidadadiario.com\/index.php\/2017\/09\/28\/temer-revoca-un-polemico-decreto-que-amenazaba-la-amazonia\/","title":{"rendered":"Temer revoca un pol\u00e9mico decreto que amenazaba la Amazon\u00eda"},"content":{"rendered":"<p><em><strong>El Gobierno da marcha atr\u00e1s en su propuesta de permitir en la regi\u00f3n, entre Par\u00e1 y Amap\u00e1, la explotaci\u00f3n de empresas mineras<\/strong><\/em><\/p>\n<p>&nbsp;<\/p>\n<p>&nbsp;<\/p>\n<p>&nbsp;<\/p>\n<p>El presidente Michel Temer intent\u00f3 que en la Reserva Nacional de Cubre y Asociados (Renca), en la Amazon\u00eda, se permitiese la explotaci\u00f3n minera. Pero, la reacci\u00f3n de ambientalistas y de la comunidad internacional fue tan contundente que ha tenido que dar marcha atr\u00e1s, al menos de momento. El Gobierno ha anunciado la extinci\u00f3n total del decreto que preve\u00eda la apertura de la Renca, situada entre los Estados del Par\u00e1 y Amap\u00e1, para las empresas mineras que buscan en la zona oro, cubre y otros tesoros en la regi\u00f3n, que alcanza el tama\u00f1o de la Dinamarca. La decisi\u00f3n debe ser publicada este martes en el Diario Oficial, confirm\u00f3 Afonso Benites desde Brasilia.<\/p>\n<p>&nbsp;<\/p>\n<p>A pesar de haberse echado atr\u00e1s, entre bastidores ya se sabe que el Gobierno no descarta volver a debatir el fin de la reserva en el futuro. As\u00ed ocurri\u00f3 con la zona protegida de Jamanxim, en el Par\u00e1, que podr\u00eda ser extinta, pero la decisi\u00f3n fue abortada ante la presi\u00f3n general, que incluy\u00f3 la protesta del modelo Gisele B\u00fcndchen, fuerte activista ambiental. Un nuevo proyecto acab\u00f3 regresando a la C\u00e1mara y ahora lleva propuestas a\u00fan m\u00e1s agresivas para la Jamanxim.<\/p>\n<p>&nbsp;<\/p>\n<p>Por el momento, Temer ha decidido ceder a la presi\u00f3n y poner fin al decreto de la Renca. El decreto ya hab\u00eda sido suspendido por 120 d\u00edas desde el 1 de septiembre, despu\u00e9s del alboroto creado por la medida anunciada el 23 de agosto. La Renca tiene nueve reservas ambientales e ind\u00edgenas, que resultar\u00edan afectadas si el Gobierno permite la entrada de empresas privadas a la zona. El rechazo fue enorme y a \u00e9l se sumaron los pueblos ind\u00edgenas que all\u00ed residen, como los Waj\u00e3pi. El Gobierno lleg\u00f3 a modificar el decreto para asegurar la protecci\u00f3n a estas regiones.<\/p>\n<p>&nbsp;<\/p>\n<p>Tras la suspensi\u00f3n del decreto, el Gobierno prometi\u00f3 audiencias p\u00fablicas para garantizar la participaci\u00f3n de la sociedad en las decisiones que aseguraran la preservaci\u00f3n de las \u00e1reas protegidas. Solo dio tiempo para una audiencia en la C\u00e1mara. Una Comisi\u00f3n Parlamentaria Mixta de Encuesta (CPMI) lleg\u00f3 a ser creada la semana pasada para debatir el asunto.<\/p>\n<p>&nbsp;<\/p>\n<p>Hasta el Rock in R\u00edo jug\u00f3 contra las ambiciones del Gobierno. Diversos artistas se manifestaron en contra de la extinci\u00f3n de la Renca. La cantante Alice Keys llev\u00f3 el liderazgo ind\u00edgena, S\u00f4nia Guajajara. Protest\u00f3 en el escenario y presion\u00f3 a senadores a trabajar por la revocaci\u00f3n del decreto de Temer. &#8220;Existe una guerra contra la Amazon\u00eda. El Gobierno quiere poner a la venta una gran \u00e1rea de reserva mineral. Senadores, vosotros ten\u00e9is la oportunidad de evitar eso en la votaci\u00f3n que va a haber [un decreto por la extinci\u00f3n, de autor\u00eda del senador Randolfo Rodrigues (RED-AP) iba a ser votado, pero fue aplazado]. Y nosotros estaremos pendientes. No existe un &#8216;plan B.\u201d Hasta Gisele B\u00fcndchen habl\u00f3 de la protecci\u00f3n de Amazon\u00eda en la apertura del festival. Se emocion\u00f3 al hablar del asunto, dando m\u00e1s fuerza al mensaje ambientalista.<\/p>\n<p>&nbsp;<\/p>\n<p>Fuera del Brasil, sin embargo, los europeos ya se movilizaban preocupados con el destino de la Renca. La Uni\u00f3n Europea ya estudiaba un cobro al Gobierno brasile\u00f1o cuestionando las decisiones tomadas en pro de la miner\u00eda que alcanzaban compromisos asumidos por Brasil sobre preservaci\u00f3n ambiental.<\/p>\n<p>&nbsp;<\/p>\n<p>&nbsp;<\/p>\n<p><strong>\u201cNadie nunca reclam\u00f3\u201d<\/strong><\/p>\n<p>En una entrevista colectiva con la prensa extranjera hace dos semanas, el ministro de las Minas y Energ\u00eda, Fernando Conejo Hijo, lleg\u00f3 a decir que el Gobierno ten\u00eda conocimiento de que por lo menos hab\u00eda 3.000 garimpeiros ilegales trabajando en el \u00e1rea de la Renca \u201cNadie nunca reclam\u00f3, nadie nunca se indign\u00f3 con este asunto\u201d, afirm\u00f3.<\/p>\n<p>&nbsp;<\/p>\n<p>El garimpo ilegal, sin embargo, fue denunciado en diversas ocasiones por ONG y entidades que act\u00faan en la regi\u00f3n, pero nunca se prohibi\u00f3 la actividad en la regi\u00f3n. El presidente Michel Tema lleg\u00f3 a sostener que la apertura de la Renca al sector privado intentaba legalizar lo que ya sucede de manera clandestina. \u201cLo que hay es una regularizaci\u00f3n de la explotaci\u00f3n que se hace en aquella regi\u00f3n. Nada m\u00e1s que eso. Es de una sencillez impar\u201d, lleg\u00f3 a decir el mandatario, cuando fue cuestionado sobre la Renca. Nilo D&#8217;\u00c1vila, coordinador de campa\u00f1as del movimiento Greenpeace, entiende que garimpo es imposible de ser legalizado. \u201cEllos est\u00e1n all\u00ed quitando una riqueza nacional para uso propio, sin ninguna autorizaci\u00f3n. C\u00f3mo se puede legalizar algo sin calcular el impacto que causa y sin saber en qu\u00e9 condiciones, ni c\u00f3mo se puede recuperar lo que se ha deforestado\u201d, cuestiona.<\/p>\n<p>&nbsp;<\/p>\n<p>Seg\u00fan el Departamento Nacional de Producci\u00f3n Mineral (DNPM), del Ministerio de Minas y Energ\u00edas, solo el 25% de los 46.450 kil\u00f3metros cuadrados de la Renca puede ser, por ley, explotados \u2013 la proyecci\u00f3n no coincide con los datos del instituto Imazon, que estima que solo el 10,5% puede ser explotado. En el \u00e1rea restante, donde est\u00e1n las zonas protegidas adem\u00e1s de las dos reservas ind\u00edgenas, quedar\u00eda vetada a cualquier tipo de explotaci\u00f3n. Pero, esa propuesta es incompatible con el proyecto de conservaci\u00f3n, eval\u00faa Michel de Souza, coordinador de Pol\u00edticas P\u00fablicas del WWF-Brasil. \u201cSi se abre la Renca, habr\u00e1 inevitablemente deforestaci\u00f3n, aunque se sigan las mejores reglas mundiales de explotaci\u00f3n mineral. \u00bfC\u00f3mo se van a hacer las carreteras, c\u00f3mo van a llevar m\u00e1quinas pesadas, los equipamientos necesarios para la extracci\u00f3n de mineral?\u201d, pregunta \u00e9l.<\/p>\n<p>&nbsp;<\/p>\n<p>Un reportaje del peri\u00f3dico El Globo revela que, a pesar de asegurar que las \u00e1reas protegidas no ser\u00edan alcanzadas por la miner\u00eda, el Gobierno sab\u00eda de antemano que para liberar la explotaci\u00f3n tendr\u00eda que modificar la legislaci\u00f3n ambiental. De otra forma, no ser\u00eda posible entregar lo que se le prometi\u00f3 a las empresas interesadas en la miner\u00eda en ese tramo de la floresta amaz\u00f3nica.<\/p>\n<p>&nbsp;<\/p>\n<p>&nbsp;<\/p>\n<p><strong>Reserva de la dictadura<\/strong><\/p>\n<p>La Renca fue creada en 1984, a finales de la dictadura militar, y estaba previsto que solo la Compa\u00f1\u00eda de Pesquisa de Recursos Minerales (CPRM), una empresa p\u00fablica perteneciente al Ministerio de Minas y Energ\u00eda, pod\u00eda extraer mineral en el \u00e1rea. En la pr\u00e1ctica, poco se investig\u00f3 para dar viabilidad comercial a ese tramo. En contrapartida, avanzaron las \u00e1reas protegidas all\u00ed. Si de las tierras Waj\u00e3pi, demarcadas en 1996. Mitad del territorio habitado por este pueblo ind\u00edgena est\u00e1 dentro de la Renca.<\/p>\n<p>&nbsp;<\/p>\n<p>En las redes sociales, el senador Randolfe Rodrigues celebr\u00f3 el fin del decreto. \u201cQuiero agradecer la inmensa solidaridad de artistas, intelectuales, de la comunidad internacional y de todos los que se movilizaron en defensa de Amazon\u00eda y del Brasil\u201d. A pesar de la celebraci\u00f3n, es un hecho que el Gobierno trabaja incentivar la miner\u00eda en el pa\u00eds, que va cobrando un espacio cada vez mayor en este Gobierno. A final de julio, Temer ya anunci\u00f3 medidas para favorecer el sector minero. Entre ellas est\u00e1n la creaci\u00f3n de una agencia reguladora y alteraciones en el valor de las al\u00edcuotas de la Compensaci\u00f3n Financiera por la Explotaci\u00f3n Mineral (Cfem), el impuesto cobrado de las empresas que trabajan en el sector. La expectativa es que la medida eleve la recaudaci\u00f3n con royalties en 80% y tambi\u00e9n la participaci\u00f3n de la miner\u00eda en el Producto interior bruto (PIB) y que del actual 4% pase al 6%.<\/p>\n<p>&nbsp;<\/p>\n<p>Con una popularidad a la baja y con la necesidad de ver que la econom\u00eda se impulsa, es probable que el asunto vuela a discutirse en breve, a pesar del rechazo de los ambientalistas y hasta de las l\u00e1grimas de Gisele.<\/p>\n","protected":false},"excerpt":{"rendered":"<p>El Gobierno da marcha atr\u00e1s en su propuesta de permitir en la regi\u00f3n, entre Par\u00e1 y Amap\u00e1, la explotaci\u00f3n de empresas mineras &nbsp; &nbsp; &nbsp; El presidente Michel Temer intent\u00f3 que en la Reserva Nacional de Cubre y Asociados (Renca), en la Amazon\u00eda, se permitiese la explotaci\u00f3n minera. Pero, la reacci\u00f3n de ambientalistas y de la comunidad internacional fue tan contundente que ha tenido que dar marcha atr\u00e1s, al menos de momento. El Gobierno ha anunciado la extinci\u00f3n total del decreto que preve\u00eda la apertura de la Renca, situada entre&#8230;<\/p>\n","protected":false},"author":3,"featured_media":18036,"comment_status":"closed","ping_status":"closed","sticky":false,"template":"","format":"standard","meta":[],"categories":[4],"tags":[],"_links":{"self":[{"href":"https:\/\/www.actualidadadiario.com\/index.php\/wp-json\/wp\/v2\/posts\/18035"}],"collection":[{"href":"https:\/\/www.actualidadadiario.com\/index.php\/wp-json\/wp\/v2\/posts"}],"about":[{"href":"https:\/\/www.actualidadadiario.com\/index.php\/wp-json\/wp\/v2\/types\/post"}],"author":[{"embeddable":true,"href":"https:\/\/www.actualidadadiario.com\/index.php\/wp-json\/wp\/v2\/users\/3"}],"replies":[{"embeddable":true,"href":"https:\/\/www.actualidadadiario.com\/index.php\/wp-json\/wp\/v2\/comments?post=18035"}],"version-history":[{"count":1,"href":"https:\/\/www.actualidadadiario.com\/index.php\/wp-json\/wp\/v2\/posts\/18035\/revisions"}],"predecessor-version":[{"id":18037,"href":"https:\/\/www.actualidadadiario.com\/index.php\/wp-json\/wp\/v2\/posts\/18035\/revisions\/18037"}],"wp:featuredmedia":[{"embeddable":true,"href":"https:\/\/www.actualidadadiario.com\/index.php\/wp-json\/wp\/v2\/media\/18036"}],"wp:attachment":[{"href":"https:\/\/www.actualidadadiario.com\/index.php\/wp-json\/wp\/v2\/media?parent=18035"}],"wp:term":[{"taxonomy":"category","embeddable":true,"href":"https:\/\/www.actualidadadiario.com\/index.php\/wp-json\/wp\/v2\/categories?post=18035"},{"taxonomy":"post_tag","embeddable":true,"href":"https:\/\/www.actualidadadiario.com\/index.php\/wp-json\/wp\/v2\/tags?post=18035"}],"curies":[{"name":"wp","href":"https:\/\/api.w.org\/{rel}","templated":true}]}}