{"id":18028,"date":"2017-09-28T09:39:10","date_gmt":"2017-09-28T12:39:10","guid":{"rendered":"http:\/\/actualidadadiario.com\/site\/?p=18028"},"modified":"2017-09-28T09:39:10","modified_gmt":"2017-09-28T12:39:10","slug":"la-familia-maldonado-reclama-resoluciones-rapidas-al-nuevo-magistrado-de-la-causa","status":"publish","type":"post","link":"https:\/\/www.actualidadadiario.com\/index.php\/2017\/09\/28\/la-familia-maldonado-reclama-resoluciones-rapidas-al-nuevo-magistrado-de-la-causa\/","title":{"rendered":"La familia Maldonado reclama resoluciones &#8220;r\u00e1pidas&#8221; al nuevo magistrado de la causa"},"content":{"rendered":"<p><em><strong>La abogada de la familia de Santiago Maldonado, Ver\u00f3nica Heredia, pidi\u00f3 al nuevo juez que &#8220;tome resoluciones de manera r\u00e1pida&#8221; en la investigaci\u00f3n por la desaparici\u00f3n del joven artesano en la zona cordillerana de Chubut, causa ahora a cargo del juez federal N\u00ba2 Gustavo Lleral, tras el apartamiento de Guido Otranto<\/strong><\/em><\/p>\n<p>&nbsp;<\/p>\n<p>&nbsp;<\/p>\n<p>&nbsp;<\/p>\n<p>Si bien Heredia valor\u00f3 la decisi\u00f3n de la C\u00e1mara Federal de Apelaciones de Comodoro Rivadavia de apartar a Otranto, no dej\u00f3 pasar la oportunidad de advertir que &#8220;m\u00e1s all\u00e1 de hacer lugar a la recusaci\u00f3n, resulta preocupante que ese tribunal haya avalado todo lo que hizo el juez Otranto&#8221;.<\/p>\n<p>&nbsp;<\/p>\n<p>&#8220;En definitiva, creo que s\u00f3lo le pareci\u00f3 un exceso los dichos del juez al diario La Naci\u00f3n&#8221;, dijo en referencia a la entrevista que concedi\u00f3 al matutino en la que confes\u00f3 que la hip\u00f3tesis m\u00e1s razonable era que Maldonado se hubiera ahogado.<\/p>\n<p>&nbsp;<\/p>\n<p>&#8220;Fue muy imprudente y muy doloroso para la familia, y entendimos que si llegaba a semejante conclusi\u00f3n nos estaba ocultando pruebas porque de ning\u00fan lado surg\u00eda de la causa las afirmaciones que \u00e9l hizo&#8221;, se\u00f1al\u00f3 la abogada.<\/p>\n<p>&nbsp;<\/p>\n<p>Heredia se mostr\u00f3 dolorida porque la C\u00e1mara &#8220;no tuviera en cuenta los agravios contra la familia Maldonado, el maltrato y la falta de informaci\u00f3n&#8221;.<\/p>\n<p>&nbsp;<\/p>\n<p>El juez Lleral viaj\u00f3 ayer a Esquel, para hacerse cargo de las dos causas abiertas por la desaparici\u00f3n Maldonado, una vinculada con la desaparici\u00f3n forzada y la restante acci\u00f3n de h\u00e1beas corpus por el mismo hecho, de la cual Lleral se hizo cargo por decisi\u00f3n de la C\u00e1mara Federal de apelaciones de Comodoro Rivadavia.<\/p>\n<p>&nbsp;<\/p>\n<p>Lleral viaj\u00f3 acompa\u00f1ado por los secretarios (penales) Gustavo Fabi\u00e1n Latorre y Leonardo Barzini, el prosecretario (lego) Juan Carlos Araujo y el escribiente interino Jos\u00e9 Daniel Scocco.<\/p>\n","protected":false},"excerpt":{"rendered":"<p>La abogada de la familia de Santiago Maldonado, Ver\u00f3nica Heredia, pidi\u00f3 al nuevo juez que &#8220;tome resoluciones de manera r\u00e1pida&#8221; en la investigaci\u00f3n por la desaparici\u00f3n del joven artesano en la zona cordillerana de Chubut, causa ahora a cargo del juez federal N\u00ba2 Gustavo Lleral, tras el apartamiento de Guido Otranto &nbsp; &nbsp; &nbsp; Si bien Heredia valor\u00f3 la decisi\u00f3n de la C\u00e1mara Federal de Apelaciones de Comodoro Rivadavia de apartar a Otranto, no dej\u00f3 pasar la oportunidad de advertir que &#8220;m\u00e1s all\u00e1 de hacer lugar a la recusaci\u00f3n, resulta&#8230;<\/p>\n","protected":false},"author":3,"featured_media":17869,"comment_status":"closed","ping_status":"closed","sticky":false,"template":"","format":"standard","meta":[],"categories":[9],"tags":[],"_links":{"self":[{"href":"https:\/\/www.actualidadadiario.com\/index.php\/wp-json\/wp\/v2\/posts\/18028"}],"collection":[{"href":"https:\/\/www.actualidadadiario.com\/index.php\/wp-json\/wp\/v2\/posts"}],"about":[{"href":"https:\/\/www.actualidadadiario.com\/index.php\/wp-json\/wp\/v2\/types\/post"}],"author":[{"embeddable":true,"href":"https:\/\/www.actualidadadiario.com\/index.php\/wp-json\/wp\/v2\/users\/3"}],"replies":[{"embeddable":true,"href":"https:\/\/www.actualidadadiario.com\/index.php\/wp-json\/wp\/v2\/comments?post=18028"}],"version-history":[{"count":1,"href":"https:\/\/www.actualidadadiario.com\/index.php\/wp-json\/wp\/v2\/posts\/18028\/revisions"}],"predecessor-version":[{"id":18029,"href":"https:\/\/www.actualidadadiario.com\/index.php\/wp-json\/wp\/v2\/posts\/18028\/revisions\/18029"}],"wp:featuredmedia":[{"embeddable":true,"href":"https:\/\/www.actualidadadiario.com\/index.php\/wp-json\/wp\/v2\/media\/17869"}],"wp:attachment":[{"href":"https:\/\/www.actualidadadiario.com\/index.php\/wp-json\/wp\/v2\/media?parent=18028"}],"wp:term":[{"taxonomy":"category","embeddable":true,"href":"https:\/\/www.actualidadadiario.com\/index.php\/wp-json\/wp\/v2\/categories?post=18028"},{"taxonomy":"post_tag","embeddable":true,"href":"https:\/\/www.actualidadadiario.com\/index.php\/wp-json\/wp\/v2\/tags?post=18028"}],"curies":[{"name":"wp","href":"https:\/\/api.w.org\/{rel}","templated":true}]}}