{"id":18022,"date":"2017-09-28T09:37:30","date_gmt":"2017-09-28T12:37:30","guid":{"rendered":"http:\/\/actualidadadiario.com\/site\/?p=18022"},"modified":"2017-09-28T09:37:30","modified_gmt":"2017-09-28T12:37:30","slug":"aprueban-por-unanimidad-prorrogar-desalojos-en-tierras-indigenas","status":"publish","type":"post","link":"https:\/\/www.actualidadadiario.com\/index.php\/2017\/09\/28\/aprueban-por-unanimidad-prorrogar-desalojos-en-tierras-indigenas\/","title":{"rendered":"Aprueban por unanimidad prorrogar desalojos en tierras ind\u00edgenas"},"content":{"rendered":"<p><em><strong>En medio de la pol\u00e9mica entre el Gobierno y el pueblo Mapuche por el reclamo de zonas patag\u00f3nicas y con la desaparici\u00f3n del joven Santiago Maldonado como trasfondo, el Senado aprob\u00f3 por unanimidad el proyecto de ley que prorroga por cuatro a\u00f1os la suspensi\u00f3n de los desalojos de tierras donde viven comunidades de los pueblos originarios<\/strong><\/em><\/p>\n<p>&nbsp;<\/p>\n<p>&nbsp;<\/p>\n<p>&nbsp;<\/p>\n<p>&nbsp;<\/p>\n<p>Con 62 votos a favor, la iniciativa que prorroga los efectos de la ley 26.160 fue aprobada y girada a la C\u00e1mara de Diputados para su sanci\u00f3n definitiva. Durante el debate en particular del proyecto, el senador oficialista Ernesto Mart\u00ednez propuso acortar el plazo de la pr\u00f3rroga a 18 meses, con la posibilidad de extenderlo por 12 m\u00e1s, pero no reuni\u00f3 los votos suficientes.<\/p>\n<p>&nbsp;<\/p>\n<p>Esa era la idea que hasta \u00faltimo momento defendi\u00f3 el PRO, pero poco antes de la votaci\u00f3n el jefe del mayoritario bloque PJ-FPV, Miguel Pichetto, hab\u00eda adelantado que votar\u00edan el proyecto tal y como estaba, con una pr\u00f3rroga de cuatro a\u00f1os.<\/p>\n<p>&nbsp;<\/p>\n<p>La ley 26.160 fue sancionada en 2006 y estableci\u00f3 la suspensi\u00f3n por cuatro a\u00f1os de los desalojos, hasta que se terminara el relevamiento catastral de las tierras que hist\u00f3ricamente ocupan los pueblos originarios, pero esa tarea nunca culmin\u00f3.<\/p>\n<p>&nbsp;<\/p>\n<p>Ante esa demora, los efectos de la norma fueron prorrogados por cuatro a\u00f1os m\u00e1s en dos oportunidades y venc\u00edan el 23 de noviembre pr\u00f3ximo, lo que oblig\u00f3 al Congreso a fijar una nueva extensi\u00f3n.<\/p>\n<p>&nbsp;<\/p>\n<p>&#8220;Este proyecto no es una concesi\u00f3n, sino un imperativo de derechos humanos&#8221;, afirm\u00f3 la pampeana Norma Durango (PJ-FPV), al tiempo que subray\u00f3 que &#8220;es una obligaci\u00f3n del Estado de reconocer la propiedad del territorio de las comunidades ancestrales&#8221;.<\/p>\n<p>&nbsp;<\/p>\n<p>A su turno, el oficialista Luis Naidenoff precis\u00f3 que, seg\u00fan un informe del Instituto Nacional de Asuntos Ind\u00edgenas (INAI), hay 1.532 comunidades identificadas en el Programa Nacional de Relevamiento Territorial Ind\u00edgena, pero s\u00f3lo 459 tienen el relevamiento culminado.<\/p>\n<p>&nbsp;<\/p>\n<p>Por esa raz\u00f3n, todos los senadores de Cambiemos aseguraron que el Gobierno culminar\u00e1 esta vez con el relevamiento y que lo har\u00e1 &#8220;en dos a\u00f1os y medio&#8221;, tal y como lo afirm\u00f3 el jefe del bloque radical y ahora expresidente del interbloque oficialista, \u00c1ngel Rozas.<\/p>\n<p>&nbsp;<\/p>\n<p>&#8220;Por dos a\u00f1os y medio o por cuatro, pero hay que aprobar la pr\u00f3rroga&#8221;, afirm\u00f3 a su turno el chubutense Alfredo Luenzo (PJ Chubut), quien sintetiz\u00f3 de esa forma la postura de la mayor\u00eda de la C\u00e1mara.<\/p>\n<p>&nbsp;<\/p>\n<p>Durante la sesi\u00f3n, senadores como Fernando &#8220;Pino&#8221; Solanas (Proyecto Sur) y Anabel Fern\u00e1ndez Sagasti (PJ-FPV) recordaron que el tema de la propiedad ind\u00edgena se puso sobre el tapete tras la desaparici\u00f3n del joven Santiago Maldonado en la provincia de Chubut luego de un operativo de Gendarmer\u00eda sobre la comunidad Pu Lof, del departamento de Cuchamen.<\/p>\n<p>&nbsp;<\/p>\n<p>&#8220;No queremos m\u00e1s desalojos ni desapariciones forzadas como la de Maldonado. No queremos m\u00e1s campa\u00f1as amarillas, con comunicadores y periodistas de prestigio pintados de amarillo, para desinformar sobre las causas del conflicto. Esto no le hace bien a la Argentina&#8221;, sostuvo Solanas.<\/p>\n<p>&nbsp;<\/p>\n<p>Sobre el final del debate, Pichetto destac\u00f3 &#8220;la legitimidad del reclamo de las comunidades&#8221; y record\u00f3 que &#8220;el reconocimiento a los pueblos originarios est\u00e1 en la Constituci\u00f3n&#8221;, aunque advirti\u00f3 nuevamente sobre la existencia de &#8220;grupos violentos&#8221;.<\/p>\n<p>&nbsp;<\/p>\n<p>&#8220;Hay situaciones en mi provincia (R\u00edo Negro), en la zona de cordillera, de grupos que tienen una actitud violenta, desconocimiento del Estado&#8221;, sostuvo al tiempo que dio su &#8220;opini\u00f3n personal&#8221; respecto de que &#8220;no hay tierra sagrada en la Argentina, no puede haber ning\u00fan territorio que no est\u00e9 bajo la jurisdicci\u00f3n de las autoridades si tienen que ingresar con una orden judicial&#8221;.<\/p>\n","protected":false},"excerpt":{"rendered":"<p>En medio de la pol\u00e9mica entre el Gobierno y el pueblo Mapuche por el reclamo de zonas patag\u00f3nicas y con la desaparici\u00f3n del joven Santiago Maldonado como trasfondo, el Senado aprob\u00f3 por unanimidad el proyecto de ley que prorroga por cuatro a\u00f1os la suspensi\u00f3n de los desalojos de tierras donde viven comunidades de los pueblos originarios &nbsp; &nbsp; &nbsp; &nbsp; Con 62 votos a favor, la iniciativa que prorroga los efectos de la ley 26.160 fue aprobada y girada a la C\u00e1mara de Diputados para su sanci\u00f3n definitiva. Durante el&#8230;<\/p>\n","protected":false},"author":3,"featured_media":18023,"comment_status":"closed","ping_status":"closed","sticky":false,"template":"","format":"standard","meta":[],"categories":[18],"tags":[],"_links":{"self":[{"href":"https:\/\/www.actualidadadiario.com\/index.php\/wp-json\/wp\/v2\/posts\/18022"}],"collection":[{"href":"https:\/\/www.actualidadadiario.com\/index.php\/wp-json\/wp\/v2\/posts"}],"about":[{"href":"https:\/\/www.actualidadadiario.com\/index.php\/wp-json\/wp\/v2\/types\/post"}],"author":[{"embeddable":true,"href":"https:\/\/www.actualidadadiario.com\/index.php\/wp-json\/wp\/v2\/users\/3"}],"replies":[{"embeddable":true,"href":"https:\/\/www.actualidadadiario.com\/index.php\/wp-json\/wp\/v2\/comments?post=18022"}],"version-history":[{"count":1,"href":"https:\/\/www.actualidadadiario.com\/index.php\/wp-json\/wp\/v2\/posts\/18022\/revisions"}],"predecessor-version":[{"id":18024,"href":"https:\/\/www.actualidadadiario.com\/index.php\/wp-json\/wp\/v2\/posts\/18022\/revisions\/18024"}],"wp:featuredmedia":[{"embeddable":true,"href":"https:\/\/www.actualidadadiario.com\/index.php\/wp-json\/wp\/v2\/media\/18023"}],"wp:attachment":[{"href":"https:\/\/www.actualidadadiario.com\/index.php\/wp-json\/wp\/v2\/media?parent=18022"}],"wp:term":[{"taxonomy":"category","embeddable":true,"href":"https:\/\/www.actualidadadiario.com\/index.php\/wp-json\/wp\/v2\/categories?post=18022"},{"taxonomy":"post_tag","embeddable":true,"href":"https:\/\/www.actualidadadiario.com\/index.php\/wp-json\/wp\/v2\/tags?post=18022"}],"curies":[{"name":"wp","href":"https:\/\/api.w.org\/{rel}","templated":true}]}}