{"id":18019,"date":"2017-09-28T09:34:36","date_gmt":"2017-09-28T12:34:36","guid":{"rendered":"http:\/\/actualidadadiario.com\/site\/?p=18019"},"modified":"2017-09-28T09:34:36","modified_gmt":"2017-09-28T12:34:36","slug":"la-cgt-se-reunio-con-la-iglesia-y-le-expreso-preocupada-por-la-situacion-social","status":"publish","type":"post","link":"https:\/\/www.actualidadadiario.com\/index.php\/2017\/09\/28\/la-cgt-se-reunio-con-la-iglesia-y-le-expreso-preocupada-por-la-situacion-social\/","title":{"rendered":"La CGT se reuni\u00f3 con la Iglesia y le expres\u00f3 &#8220;preocupada&#8221; por la situaci\u00f3n social"},"content":{"rendered":"<p><em><strong>Durante la jornada que marc\u00f3 el 87 aniversario de su fundaci\u00f3n de la CGT, su c\u00fapula se reuni\u00f3 con las autoridades de la Conferencia Episcopal para transmitir su &#8220;preocupaci\u00f3n&#8221; por la situaci\u00f3n social del pa\u00eds y ante la posibilidad de que el Gobierno instrumente una reforma laboral tras las elecciones del 22 de octubre<\/strong><\/em><\/p>\n<p>&nbsp;<\/p>\n<p>&nbsp;<\/p>\n<p>&nbsp;<\/p>\n<p>&nbsp;<\/p>\n<p>En representaci\u00f3n de la central obrera estuvieron los secretarios generales Juan Carlos Schmid y Carlos Acu\u00f1a, as\u00ed como tambi\u00e9n el secretario gremial y referente del gremio de Camioneros, Pablo Moyano; mientras que por parte de la Iglesia asistieron el presidente de la Conferencia Episcopal Argentina (CEA), Jos\u00e9 Mar\u00eda Arancedo, y el secretario general del organismo eclesi\u00e1stico, Carlos Malfa.<\/p>\n<p>&nbsp;<\/p>\n<p>Durante la reuni\u00f3n, los dirigentes sindicales &#8220;plantearon la situaci\u00f3n social del pa\u00eds y su preocupaci\u00f3n frente a los posibles proyectos de reforma de las leyes laborales luego de las elecciones de octubre pr\u00f3ximo&#8221;, indic\u00f3 el Episcopado a trav\u00e9s de un comunicado.<\/p>\n<p>&nbsp;<\/p>\n<p>Ante los planteos del sector obrero, los monse\u00f1ores instaron a los miembros de la Confederaci\u00f3n General del Trabajo (CGT) a &#8220;continuar el di\u00e1logo entre los diversos sectores involucrados en la problem\u00e1tica&#8221; y, pese a que se pusieron a &#8220;disponibilidad a acompa\u00f1ar ese camino como espacio de encuentro&#8221;, aclararon que &#8220;la convocatoria debe ser realizada por las instancias constituidas del Estado nacional&#8221;.<\/p>\n<p>&nbsp;<\/p>\n<p>Los referentes de la CEA resaltaron &#8220;la necesidad de consolidar la unidad del movimiento obrero fortaleciendo el di\u00e1logo interno en funci\u00f3n de la b\u00fasqueda del bien com\u00fan y la defensa de los intereses de los trabajadores&#8221;, a la vez que celebraron &#8220;la apertura que el sindicalismo argentino ha tenido hacia el trabajo conjunto con los movimientos sociales&#8221;.<\/p>\n<p>&nbsp;<\/p>\n<p>En tanto, el pr\u00f3ximo jueves los secretarios generales de la CTA Aut\u00f3noma, Pablo Micheli, y de la CTA de los Trabajadores, Hugo Yasky, se reunir\u00e1n con el presidente de la Comisi\u00f3n Episcopal de Pastoral Social, Jorge Casaretto, en la sede de la central conducida por el candidato a diputado nacional de Unidad Ciudadana por la Provincia de Buenos Aires.<\/p>\n<p>&nbsp;<\/p>\n<p>El encuentro estar\u00e1 enfocado en &#8220;una agenda marcada por la crisis econ\u00f3mica y la conflictividad social que golpea al pa\u00eds&#8221;, manifestaron las entidades sindicales.<\/p>\n","protected":false},"excerpt":{"rendered":"<p>Durante la jornada que marc\u00f3 el 87 aniversario de su fundaci\u00f3n de la CGT, su c\u00fapula se reuni\u00f3 con las autoridades de la Conferencia Episcopal para transmitir su &#8220;preocupaci\u00f3n&#8221; por la situaci\u00f3n social del pa\u00eds y ante la posibilidad de que el Gobierno instrumente una reforma laboral tras las elecciones del 22 de octubre &nbsp; &nbsp; &nbsp; &nbsp; En representaci\u00f3n de la central obrera estuvieron los secretarios generales Juan Carlos Schmid y Carlos Acu\u00f1a, as\u00ed como tambi\u00e9n el secretario gremial y referente del gremio de Camioneros, Pablo Moyano; mientras que&#8230;<\/p>\n","protected":false},"author":3,"featured_media":18020,"comment_status":"closed","ping_status":"closed","sticky":false,"template":"","format":"standard","meta":[],"categories":[18],"tags":[],"_links":{"self":[{"href":"https:\/\/www.actualidadadiario.com\/index.php\/wp-json\/wp\/v2\/posts\/18019"}],"collection":[{"href":"https:\/\/www.actualidadadiario.com\/index.php\/wp-json\/wp\/v2\/posts"}],"about":[{"href":"https:\/\/www.actualidadadiario.com\/index.php\/wp-json\/wp\/v2\/types\/post"}],"author":[{"embeddable":true,"href":"https:\/\/www.actualidadadiario.com\/index.php\/wp-json\/wp\/v2\/users\/3"}],"replies":[{"embeddable":true,"href":"https:\/\/www.actualidadadiario.com\/index.php\/wp-json\/wp\/v2\/comments?post=18019"}],"version-history":[{"count":1,"href":"https:\/\/www.actualidadadiario.com\/index.php\/wp-json\/wp\/v2\/posts\/18019\/revisions"}],"predecessor-version":[{"id":18021,"href":"https:\/\/www.actualidadadiario.com\/index.php\/wp-json\/wp\/v2\/posts\/18019\/revisions\/18021"}],"wp:featuredmedia":[{"embeddable":true,"href":"https:\/\/www.actualidadadiario.com\/index.php\/wp-json\/wp\/v2\/media\/18020"}],"wp:attachment":[{"href":"https:\/\/www.actualidadadiario.com\/index.php\/wp-json\/wp\/v2\/media?parent=18019"}],"wp:term":[{"taxonomy":"category","embeddable":true,"href":"https:\/\/www.actualidadadiario.com\/index.php\/wp-json\/wp\/v2\/categories?post=18019"},{"taxonomy":"post_tag","embeddable":true,"href":"https:\/\/www.actualidadadiario.com\/index.php\/wp-json\/wp\/v2\/tags?post=18019"}],"curies":[{"name":"wp","href":"https:\/\/api.w.org\/{rel}","templated":true}]}}