{"id":18016,"date":"2017-09-28T09:33:49","date_gmt":"2017-09-28T12:33:49","guid":{"rendered":"http:\/\/actualidadadiario.com\/site\/?p=18016"},"modified":"2017-09-28T09:33:49","modified_gmt":"2017-09-28T12:33:49","slug":"macri-electoral-confirma-37-000-m-para-corrientes","status":"publish","type":"post","link":"https:\/\/www.actualidadadiario.com\/index.php\/2017\/09\/28\/macri-electoral-confirma-37-000-m-para-corrientes\/","title":{"rendered":"Macri electoral: confirma $ 37.000 M para Corrientes"},"content":{"rendered":"<p><em><strong>El respaldo de Naci\u00f3n a la dupla de Gustavo Vald\u00e9s y Gustavo Canteros para suceder al radical Ricardo Colombi lleg\u00f3 esta vez con anuncios del Plan Belgrano, que lidera el correntino Carlos Vignolo<\/strong><\/em><\/p>\n<p>&nbsp;<\/p>\n<p>&nbsp;<\/p>\n<p>&nbsp;<\/p>\n<p>A menos de dos semanas de las elecciones a gobernador de Corrientes del 8 de octubre, la administraci\u00f3n de Mauricio Macri brind\u00f3 en las \u00faltimas horas otra se\u00f1al de respaldo al oficialista Encuentro por Corrientes &#8211; Cambiemos, con la confirmaci\u00f3n de que el Plan Belgrano contempla para el distrito del Nordeste unos $ 37 mil millones para obras de infraestructura.<\/p>\n<p>&nbsp;<\/p>\n<p>El vocero del anuncio tiene tonada correntina: fue Carlos Vignolo, titular de la Unidad Ejecutora nacional desde agosto, cuando reemplaz\u00f3 al tucumano Jos\u00e9 Cano, devenido en candidato a diputado nacional de Cambiemos.<\/p>\n<p>&nbsp;<\/p>\n<p>La promesa de lluvia de fondos para Corrientes por el Plan Belgrano -que contrasta con las amargas quejas que brotan desde otros distritos, por la tajada menor que recibir\u00e1n- se da en medio de la campa\u00f1a hacia los comicios que definir\u00e1n la sucesi\u00f3n del radical Ricardo Colombi.<\/p>\n<p>&nbsp;<\/p>\n<p>Sobre un presupuesto total de unos $ 308 mil millones, Corrientes cuenta con un aporte de casi $ 31 mil millones, un monto equiparable con el presupuesto provincial. Pero adem\u00e1s, con el nuevo plan de gastos nacional, la cifra ascender\u00eda a unos $ 37 mil millones.<\/p>\n<p>&nbsp;<\/p>\n<p>La pulseada central en las urnas ser\u00e1 entre la dupla del diputado nacional radical Gustavo Vald\u00e9s y el vicegobernador -de extracci\u00f3n peronista- Gustavo Canteros (ECO-Cambiemos), y la que integran el senador nacional justicialista Carlos &#8220;Camau&#8221; Esp\u00ednola y el renovador Eugenio &#8220;Nito&#8221; Artaza (Juntos Podemos M\u00e1s).<\/p>\n<p>&nbsp;<\/p>\n<p>Producto del calendario electoral desfasado por la intervenci\u00f3n federal de 1999, Corrientes es una de las dos provincias que renovar\u00e1 este a\u00f1o gobernador, junto con Santiago del Estero (que ir\u00e1 a las urnas el 22 de octubre, en simult\u00e1neo con la parlamentaria nacional).<\/p>\n<p>&nbsp;<\/p>\n<p>&#8220;Hay un aporte consecutivo con la visi\u00f3n estrat\u00e9gica del presidente Mauricio Macri, que quiere hacer una reparaci\u00f3n progresiva del norte argentino y lo est\u00e1 haciendo con decisiones en el tema presupuestario&#8221;, enfatiz\u00f3 Vignolo, quien mantuvo un encuentro de trabajo el pasado lunes con Vald\u00e9s y con Canteros en la capital provincial. Tambi\u00e9n asisti\u00f3 el intendente electo de la ciudad de Corrientes, el radical Eduardo Tasano), quien en junio pasado dej\u00f3 sin reelecci\u00f3n al peronista Fabi\u00e1n R\u00edos.<\/p>\n<p>&nbsp;<\/p>\n<p>El anuncio se da en l\u00ednea con la grilla de desembarcos nacionales en tierra correntina para apuntalar al t\u00e1ndem Vald\u00e9s-Canteros.<\/p>\n<p>&nbsp;<\/p>\n<p>Si bien en las \u00faltimas horas cuestiones de agenda y del clima frenaron los viajes de la ministra Patricia Bullrich (Seguridad) y, ayer, de la vicepresidente Gabriela Michetti, la agenda continuar\u00e1 con una visita a tierra correntina ma\u00f1ana del jefe de Gabinete, Marcos Pe\u00f1a. El mi\u00e9rcoles que viene, casi sobre el cierre de la campa\u00f1a, ser\u00e1 el turno del propio Macri.<\/p>\n<p>&nbsp;<\/p>\n<p>En filas de la oposici\u00f3n, en tanto, la dupla de Esp\u00ednola y Artaza recibi\u00f3 esta semana el respaldo in situ del gobernador de Salta, el justicialista Juan Manuel Urtubey.<\/p>\n","protected":false},"excerpt":{"rendered":"<p>El respaldo de Naci\u00f3n a la dupla de Gustavo Vald\u00e9s y Gustavo Canteros para suceder al radical Ricardo Colombi lleg\u00f3 esta vez con anuncios del Plan Belgrano, que lidera el correntino Carlos Vignolo &nbsp; &nbsp; &nbsp; A menos de dos semanas de las elecciones a gobernador de Corrientes del 8 de octubre, la administraci\u00f3n de Mauricio Macri brind\u00f3 en las \u00faltimas horas otra se\u00f1al de respaldo al oficialista Encuentro por Corrientes &#8211; Cambiemos, con la confirmaci\u00f3n de que el Plan Belgrano contempla para el distrito del Nordeste unos $ 37&#8230;<\/p>\n","protected":false},"author":3,"featured_media":18017,"comment_status":"closed","ping_status":"closed","sticky":false,"template":"","format":"standard","meta":[],"categories":[18],"tags":[],"_links":{"self":[{"href":"https:\/\/www.actualidadadiario.com\/index.php\/wp-json\/wp\/v2\/posts\/18016"}],"collection":[{"href":"https:\/\/www.actualidadadiario.com\/index.php\/wp-json\/wp\/v2\/posts"}],"about":[{"href":"https:\/\/www.actualidadadiario.com\/index.php\/wp-json\/wp\/v2\/types\/post"}],"author":[{"embeddable":true,"href":"https:\/\/www.actualidadadiario.com\/index.php\/wp-json\/wp\/v2\/users\/3"}],"replies":[{"embeddable":true,"href":"https:\/\/www.actualidadadiario.com\/index.php\/wp-json\/wp\/v2\/comments?post=18016"}],"version-history":[{"count":1,"href":"https:\/\/www.actualidadadiario.com\/index.php\/wp-json\/wp\/v2\/posts\/18016\/revisions"}],"predecessor-version":[{"id":18018,"href":"https:\/\/www.actualidadadiario.com\/index.php\/wp-json\/wp\/v2\/posts\/18016\/revisions\/18018"}],"wp:featuredmedia":[{"embeddable":true,"href":"https:\/\/www.actualidadadiario.com\/index.php\/wp-json\/wp\/v2\/media\/18017"}],"wp:attachment":[{"href":"https:\/\/www.actualidadadiario.com\/index.php\/wp-json\/wp\/v2\/media?parent=18016"}],"wp:term":[{"taxonomy":"category","embeddable":true,"href":"https:\/\/www.actualidadadiario.com\/index.php\/wp-json\/wp\/v2\/categories?post=18016"},{"taxonomy":"post_tag","embeddable":true,"href":"https:\/\/www.actualidadadiario.com\/index.php\/wp-json\/wp\/v2\/tags?post=18016"}],"curies":[{"name":"wp","href":"https:\/\/api.w.org\/{rel}","templated":true}]}}