{"id":18013,"date":"2017-09-28T09:32:51","date_gmt":"2017-09-28T12:32:51","guid":{"rendered":"http:\/\/actualidadadiario.com\/site\/?p=18013"},"modified":"2017-09-28T09:32:51","modified_gmt":"2017-09-28T12:32:51","slug":"cristina-reconoce-que-en-su-gobierno-hubo-hechos-de-corrupcion","status":"publish","type":"post","link":"https:\/\/www.actualidadadiario.com\/index.php\/2017\/09\/28\/cristina-reconoce-que-en-su-gobierno-hubo-hechos-de-corrupcion\/","title":{"rendered":"Cristina reconoce que en su Gobierno &#8220;hubo hechos de corrupci\u00f3n&#8221;"},"content":{"rendered":"<p><em><strong>Cristina Fern\u00e1ndez de Kirchner, ex presidente\u00a0y actual candidata a senadora nacional por la Provincia de Buenos Aires, brind\u00f3 una entrevista exclusiva con el diario El Pa\u00eds de Espa\u00f1a donde se refiri\u00f3 a los casos de corrupci\u00f3n que salpicaron a su Gobierno. La ex mandataria\u00a0aprovech\u00f3 para disparar contra el presidente Mauricio Macri y asegur\u00f3 que &#8220;hubiera preferido no tener que presentarme&#8221; a las elecciones de octubre<\/strong><\/em><\/p>\n<p>&nbsp;<\/p>\n<p>&nbsp;<\/p>\n<p>&nbsp;<\/p>\n<p>Al ser consultada sobre si en durante su Gobierno se registraron casos de corrupci\u00f3n, la exmandataria no esquiv\u00f3 el bulto y reconoci\u00f3 que es &#8220;innegable&#8221; que &#8220;hubo hechos de corrupci\u00f3n y funcionarios que cometieron hechos de corrupci\u00f3n&#8221;.<\/p>\n<p>&nbsp;<\/p>\n<p>En ese contexto, Cristina asegur\u00f3 que &#8220;deben responder&#8221; ante la Justicia pero exigi\u00f3 &#8220;tachar a todo un Gobierno de corrupci\u00f3n por unos funcionarios&#8221;. Asimismo, la expresidente sostuvo que &#8220;no creo que haya ning\u00fan Gobierno en el mundo exento de funcionario que cometan corrupci\u00f3n&#8221;.<\/p>\n<p>&nbsp;<\/p>\n<p>Metida de lleno en la campa\u00f1a, la referente de Unidad Ciudadana aprovech\u00f3 la consulta de la prensa internacional acus\u00f3 al actual Gobierno de &#8220;utilizar el Estado para favorecer los negocios de su familia&#8221;.<\/p>\n<p>&nbsp;<\/p>\n<p>&#8220;Tenemos Panam\u00e1 Papers que provoc\u00f3 la ca\u00edda del primer ministro de Islandia, del ministro Soria en Espa\u00f1a. Ac\u00e1 no pas\u00f3 nada. Hubo hechos de corrupci\u00f3n pero yo no blanque\u00e9 plata negra, el que lo hizo es el hermano del presidente. Y su amigo del alma (Nicol\u00e1s) Caputo, tambi\u00e9n blanque\u00f3 35 millones&#8221;, expres\u00f3 Cristina.<\/p>\n<p>&nbsp;<\/p>\n<p>La expresidente tambi\u00e9n fue consultada por su decisi\u00f3n de presentarse para estas elecciones legislativas y asegur\u00f3 que su presencia en la boleta &#8220;no fue una decisi\u00f3n personal&#8221;, sino que &#8220;fue colectiva&#8221;. En ese contexto, la expresidente se\u00f1al\u00f3 que &#8220;hab\u00eda una representaci\u00f3n pol\u00edtica vacante y hab\u00eda que ponerle un freno al Gobierno y al ajuste&#8221;. Asimismo, la candidata a senadora por Unidad Ciudadana sostuvo que &#8220;hubiera preferido no tener que presentarme y que otro dirigente hubiera podido reunir esa representaci\u00f3n&#8221;.<\/p>\n","protected":false},"excerpt":{"rendered":"<p>Cristina Fern\u00e1ndez de Kirchner, ex presidente\u00a0y actual candidata a senadora nacional por la Provincia de Buenos Aires, brind\u00f3 una entrevista exclusiva con el diario El Pa\u00eds de Espa\u00f1a donde se refiri\u00f3 a los casos de corrupci\u00f3n que salpicaron a su Gobierno. La ex mandataria\u00a0aprovech\u00f3 para disparar contra el presidente Mauricio Macri y asegur\u00f3 que &#8220;hubiera preferido no tener que presentarme&#8221; a las elecciones de octubre &nbsp; &nbsp; &nbsp; Al ser consultada sobre si en durante su Gobierno se registraron casos de corrupci\u00f3n, la exmandataria no esquiv\u00f3 el bulto y reconoci\u00f3&#8230;<\/p>\n","protected":false},"author":3,"featured_media":18014,"comment_status":"closed","ping_status":"closed","sticky":false,"template":"","format":"standard","meta":[],"categories":[18],"tags":[],"_links":{"self":[{"href":"https:\/\/www.actualidadadiario.com\/index.php\/wp-json\/wp\/v2\/posts\/18013"}],"collection":[{"href":"https:\/\/www.actualidadadiario.com\/index.php\/wp-json\/wp\/v2\/posts"}],"about":[{"href":"https:\/\/www.actualidadadiario.com\/index.php\/wp-json\/wp\/v2\/types\/post"}],"author":[{"embeddable":true,"href":"https:\/\/www.actualidadadiario.com\/index.php\/wp-json\/wp\/v2\/users\/3"}],"replies":[{"embeddable":true,"href":"https:\/\/www.actualidadadiario.com\/index.php\/wp-json\/wp\/v2\/comments?post=18013"}],"version-history":[{"count":1,"href":"https:\/\/www.actualidadadiario.com\/index.php\/wp-json\/wp\/v2\/posts\/18013\/revisions"}],"predecessor-version":[{"id":18015,"href":"https:\/\/www.actualidadadiario.com\/index.php\/wp-json\/wp\/v2\/posts\/18013\/revisions\/18015"}],"wp:featuredmedia":[{"embeddable":true,"href":"https:\/\/www.actualidadadiario.com\/index.php\/wp-json\/wp\/v2\/media\/18014"}],"wp:attachment":[{"href":"https:\/\/www.actualidadadiario.com\/index.php\/wp-json\/wp\/v2\/media?parent=18013"}],"wp:term":[{"taxonomy":"category","embeddable":true,"href":"https:\/\/www.actualidadadiario.com\/index.php\/wp-json\/wp\/v2\/categories?post=18013"},{"taxonomy":"post_tag","embeddable":true,"href":"https:\/\/www.actualidadadiario.com\/index.php\/wp-json\/wp\/v2\/tags?post=18013"}],"curies":[{"name":"wp","href":"https:\/\/api.w.org\/{rel}","templated":true}]}}