{"id":18010,"date":"2017-09-28T09:32:01","date_gmt":"2017-09-28T12:32:01","guid":{"rendered":"http:\/\/actualidadadiario.com\/site\/?p=18010"},"modified":"2017-09-28T09:32:01","modified_gmt":"2017-09-28T12:32:01","slug":"el-senado-aprobo-la-ley-que-restablece-los-feriados-puente-que-habia-eliminado-macri-por-dnu","status":"publish","type":"post","link":"https:\/\/www.actualidadadiario.com\/index.php\/2017\/09\/28\/el-senado-aprobo-la-ley-que-restablece-los-feriados-puente-que-habia-eliminado-macri-por-dnu\/","title":{"rendered":"El Senado aprob\u00f3 la ley que restablece los feriados puente que hab\u00eda eliminado Macri por DNU"},"content":{"rendered":"<p><em><strong>La iniciativa, que ya ten\u00eda media sanci\u00f3n en Diputados, obtuvo 59 votos a favor y una abstenci\u00f3n. Brinda al Poder Ejecutivo la facultad de disponer de hasta tres feriados puente a partir del 2018<\/strong><\/em><\/p>\n<p>&nbsp;<\/p>\n<p>&nbsp;<\/p>\n<p>&nbsp;<\/p>\n<p>La C\u00e1mara de Senadores sancion\u00f3 este mi\u00e9rcoles por la tarde el proyecto de ley que le otorga la facultad al Poder Ejecutivo de restablecer los feriados puente que Mauricio Macri elimin\u00f3 del calendario 2017 a trav\u00e9s de un Decreto de Necesidad y Urgencia (DNU).<\/p>\n<p>&nbsp;<\/p>\n<p>La iniciativa, que ya ten\u00eda media sanci\u00f3n en Diputados y que permitir\u00eda al Gobierno disponer de hasta tres feriados puente para completar un fin de semana largo cuando los d\u00edas festivos inamovibles sean un martes o un jueves; fue aprobada por 59 votos a favor y una abstenci\u00f3n.<\/p>\n<p>&nbsp;<\/p>\n<p>La intenci\u00f3n, seg\u00fan los considerandos del proyecto, es incentivar el turismo y empujar as\u00ed el desarrollo de las econom\u00edas regionales. Vale recordar que en enero pasado, a trav\u00e9s de un DNU, el presidente hab\u00eda eliminado los &#8220;feriados puente&#8221; que se hab\u00edan creado durante el Gobierno de Cristina Fern\u00e1ndez de Kirchner para incentivar al sector tur\u00edstico, al argumentar que generaban &#8220;dificultades&#8221; para el cumplimiento del ciclo lectivo y afectaban &#8220;la competitividad productiva&#8221;.<\/p>\n","protected":false},"excerpt":{"rendered":"<p>La iniciativa, que ya ten\u00eda media sanci\u00f3n en Diputados, obtuvo 59 votos a favor y una abstenci\u00f3n. Brinda al Poder Ejecutivo la facultad de disponer de hasta tres feriados puente a partir del 2018 &nbsp; &nbsp; &nbsp; La C\u00e1mara de Senadores sancion\u00f3 este mi\u00e9rcoles por la tarde el proyecto de ley que le otorga la facultad al Poder Ejecutivo de restablecer los feriados puente que Mauricio Macri elimin\u00f3 del calendario 2017 a trav\u00e9s de un Decreto de Necesidad y Urgencia (DNU). &nbsp; La iniciativa, que ya ten\u00eda media sanci\u00f3n en&#8230;<\/p>\n","protected":false},"author":3,"featured_media":18011,"comment_status":"closed","ping_status":"closed","sticky":false,"template":"","format":"standard","meta":[],"categories":[9,18],"tags":[],"_links":{"self":[{"href":"https:\/\/www.actualidadadiario.com\/index.php\/wp-json\/wp\/v2\/posts\/18010"}],"collection":[{"href":"https:\/\/www.actualidadadiario.com\/index.php\/wp-json\/wp\/v2\/posts"}],"about":[{"href":"https:\/\/www.actualidadadiario.com\/index.php\/wp-json\/wp\/v2\/types\/post"}],"author":[{"embeddable":true,"href":"https:\/\/www.actualidadadiario.com\/index.php\/wp-json\/wp\/v2\/users\/3"}],"replies":[{"embeddable":true,"href":"https:\/\/www.actualidadadiario.com\/index.php\/wp-json\/wp\/v2\/comments?post=18010"}],"version-history":[{"count":1,"href":"https:\/\/www.actualidadadiario.com\/index.php\/wp-json\/wp\/v2\/posts\/18010\/revisions"}],"predecessor-version":[{"id":18012,"href":"https:\/\/www.actualidadadiario.com\/index.php\/wp-json\/wp\/v2\/posts\/18010\/revisions\/18012"}],"wp:featuredmedia":[{"embeddable":true,"href":"https:\/\/www.actualidadadiario.com\/index.php\/wp-json\/wp\/v2\/media\/18011"}],"wp:attachment":[{"href":"https:\/\/www.actualidadadiario.com\/index.php\/wp-json\/wp\/v2\/media?parent=18010"}],"wp:term":[{"taxonomy":"category","embeddable":true,"href":"https:\/\/www.actualidadadiario.com\/index.php\/wp-json\/wp\/v2\/categories?post=18010"},{"taxonomy":"post_tag","embeddable":true,"href":"https:\/\/www.actualidadadiario.com\/index.php\/wp-json\/wp\/v2\/tags?post=18010"}],"curies":[{"name":"wp","href":"https:\/\/api.w.org\/{rel}","templated":true}]}}