{"id":18004,"date":"2017-09-28T09:30:16","date_gmt":"2017-09-28T12:30:16","guid":{"rendered":"http:\/\/actualidadadiario.com\/site\/?p=18004"},"modified":"2017-09-28T09:30:16","modified_gmt":"2017-09-28T12:30:16","slug":"crece-la-expectativa-para-generar-empleos-en-el-corto-plazo","status":"publish","type":"post","link":"https:\/\/www.actualidadadiario.com\/index.php\/2017\/09\/28\/crece-la-expectativa-para-generar-empleos-en-el-corto-plazo\/","title":{"rendered":"Crece la expectativa para generar empleos en el corto plazo"},"content":{"rendered":"<p><em><strong>Seg\u00fan datos del Ministerio de Trabajo, las pymes (de entre 10 y 49 trabajadores) impulsaron el empleo en agosto con un avance del 2,4%; mientras que las medianas se mantuvieron estables y las grandes (de m\u00e1s de 200 operarios) avanzaron 1,2%<\/strong><\/em><\/p>\n<p>&nbsp;<\/p>\n<p>&nbsp;<\/p>\n<p>&nbsp;<\/p>\n<p>Las expectativas de las empresas privadas de generar empleo en el corto plazo crecieron 8,3% en agosto respecto de julio, inform\u00f3 hoy el Ministerio de Trabajo.<\/p>\n<p>&nbsp;<\/p>\n<p>El detalle de la Encuesta de Indicadores Laborales se\u00f1ala que el 86,9% de las 3.000 empresas consultadas durante agosto planea mantener su dotaci\u00f3n de trabajadores; el 10,7% eval\u00faa incrementarla; y el 2,4%, reducirla.<\/p>\n<p>&nbsp;<\/p>\n<p>Los datos de agosto precisan que son las peque\u00f1as y medianas empresas (de entre 10 y 49 trabajadores) las que impulsaron el empleo en ese mes, con un avance del 2,4%; mientras que las medianas se mantuvieron estables y las grandes (de m\u00e1s de 200 operarios) avanzaron 1,2%.<\/p>\n<p>&nbsp;<\/p>\n<p>El subsecretario de Pol\u00edticas y Estad\u00edsticas Laborales, Jos\u00e9 Francisco de Anchorena, dijo que aunque puede resultar vol\u00e1til, la encuesta puede ser considerada como un anticipo de lo que ocurrir\u00e1 en el mercado laboral en el futuro.<\/p>\n<p>&nbsp;<\/p>\n<p>Esa encuesta dice que la generaci\u00f3n de empleo evolucion\u00f3 1,2% en agosto, con datos positivos en todos los aglomerados relevados por la Subsecretar\u00eda de Pol\u00edticas, Estad\u00edsticas y Estudios Laborales.<\/p>\n<p>&nbsp;<\/p>\n<p>Seg\u00fan este relevamiento, la variaci\u00f3n interanual del empleo fue del 4,3% en C\u00f3rdoba; 3% en Bah\u00eda Blanca; 2,6% en Gran Rosario; 2,5% en Gran Paran\u00e1; 2,4% en Gran Tucum\u00e1n; 2,3% en Gran Mendoza; 1,2% en Gran Santa Fe; 0,8% en Gran Jujuy; y 0,6% en Gran Resistencia y Gran Buenos Aires.<\/p>\n","protected":false},"excerpt":{"rendered":"<p>Seg\u00fan datos del Ministerio de Trabajo, las pymes (de entre 10 y 49 trabajadores) impulsaron el empleo en agosto con un avance del 2,4%; mientras que las medianas se mantuvieron estables y las grandes (de m\u00e1s de 200 operarios) avanzaron 1,2% &nbsp; &nbsp; &nbsp; Las expectativas de las empresas privadas de generar empleo en el corto plazo crecieron 8,3% en agosto respecto de julio, inform\u00f3 hoy el Ministerio de Trabajo. &nbsp; El detalle de la Encuesta de Indicadores Laborales se\u00f1ala que el 86,9% de las 3.000 empresas consultadas durante agosto&#8230;<\/p>\n","protected":false},"author":3,"featured_media":18005,"comment_status":"closed","ping_status":"closed","sticky":false,"template":"","format":"standard","meta":[],"categories":[2],"tags":[],"_links":{"self":[{"href":"https:\/\/www.actualidadadiario.com\/index.php\/wp-json\/wp\/v2\/posts\/18004"}],"collection":[{"href":"https:\/\/www.actualidadadiario.com\/index.php\/wp-json\/wp\/v2\/posts"}],"about":[{"href":"https:\/\/www.actualidadadiario.com\/index.php\/wp-json\/wp\/v2\/types\/post"}],"author":[{"embeddable":true,"href":"https:\/\/www.actualidadadiario.com\/index.php\/wp-json\/wp\/v2\/users\/3"}],"replies":[{"embeddable":true,"href":"https:\/\/www.actualidadadiario.com\/index.php\/wp-json\/wp\/v2\/comments?post=18004"}],"version-history":[{"count":1,"href":"https:\/\/www.actualidadadiario.com\/index.php\/wp-json\/wp\/v2\/posts\/18004\/revisions"}],"predecessor-version":[{"id":18006,"href":"https:\/\/www.actualidadadiario.com\/index.php\/wp-json\/wp\/v2\/posts\/18004\/revisions\/18006"}],"wp:featuredmedia":[{"embeddable":true,"href":"https:\/\/www.actualidadadiario.com\/index.php\/wp-json\/wp\/v2\/media\/18005"}],"wp:attachment":[{"href":"https:\/\/www.actualidadadiario.com\/index.php\/wp-json\/wp\/v2\/media?parent=18004"}],"wp:term":[{"taxonomy":"category","embeddable":true,"href":"https:\/\/www.actualidadadiario.com\/index.php\/wp-json\/wp\/v2\/categories?post=18004"},{"taxonomy":"post_tag","embeddable":true,"href":"https:\/\/www.actualidadadiario.com\/index.php\/wp-json\/wp\/v2\/tags?post=18004"}],"curies":[{"name":"wp","href":"https:\/\/api.w.org\/{rel}","templated":true}]}}