{"id":18001,"date":"2017-09-28T09:29:33","date_gmt":"2017-09-28T12:29:33","guid":{"rendered":"http:\/\/actualidadadiario.com\/site\/?p=18001"},"modified":"2017-09-28T09:29:33","modified_gmt":"2017-09-28T12:29:33","slug":"la-cidh-investiga-violacion-de-derechos-laborales-en-la-argentina-de-macri","status":"publish","type":"post","link":"https:\/\/www.actualidadadiario.com\/index.php\/2017\/09\/28\/la-cidh-investiga-violacion-de-derechos-laborales-en-la-argentina-de-macri\/","title":{"rendered":"La CIDH investiga violaci\u00f3n de derechos laborales en la Argentina de Macri"},"content":{"rendered":"<p><em><strong>El 24 de octubre encabezar\u00e1 una audiencia en Montevideo, donde se plantear\u00e1n las denuncias efectuadas por organizaciones sociales, gremiales y abogados laboralistas<\/strong><\/em><\/p>\n<p>&nbsp;<\/p>\n<p>&nbsp;<\/p>\n<p>&nbsp;<\/p>\n<p>Debido a una presentaci\u00f3n de la Asociaci\u00f3n de Abogadas y Abogados Laboralistas (AAL) y el CELS (Centro de Estudios Legales y Sociales), la Comisi\u00f3n Interamericana de Derecho Humanos (CIDH) evaluar\u00e1 eventuales violaciones a los derechos humanos laborales\u00a0 bajo el gobierno de Mauricio Macri.<\/p>\n<p>&nbsp;<\/p>\n<p>Tras la denuncia de la AAL y el CELS que fuera apoyada por la CTA, entre otras organizaciones sociales y gremiales, el 24 de octubre se llevar\u00e1 a cabo una audiencia p\u00fablica de la CIDH en Montevideo, espec\u00edficamente en el Palacio Legislativo de la capital uruguaya.<\/p>\n<p>&nbsp;<\/p>\n<p>En ese marco se expondr\u00e1n las denuncias por el ataque sistem\u00e1tico a los abogados laboralistas por parte del Gobierno y del propio Macri, a la justicia del trabajo y a los sindicatos; ataques destinados a \u201cestigmatizar, desacreditar y criminalizar la labor de los defensores de derechos humanos y a quebrantar la independencia del poder judicial\u201d, seg\u00fan la presentaci\u00f3n.<\/p>\n","protected":false},"excerpt":{"rendered":"<p>El 24 de octubre encabezar\u00e1 una audiencia en Montevideo, donde se plantear\u00e1n las denuncias efectuadas por organizaciones sociales, gremiales y abogados laboralistas &nbsp; &nbsp; &nbsp; Debido a una presentaci\u00f3n de la Asociaci\u00f3n de Abogadas y Abogados Laboralistas (AAL) y el CELS (Centro de Estudios Legales y Sociales), la Comisi\u00f3n Interamericana de Derecho Humanos (CIDH) evaluar\u00e1 eventuales violaciones a los derechos humanos laborales\u00a0 bajo el gobierno de Mauricio Macri. &nbsp; Tras la denuncia de la AAL y el CELS que fuera apoyada por la CTA, entre otras organizaciones sociales y gremiales,&#8230;<\/p>\n","protected":false},"author":3,"featured_media":18002,"comment_status":"closed","ping_status":"closed","sticky":false,"template":"","format":"standard","meta":[],"categories":[2],"tags":[],"_links":{"self":[{"href":"https:\/\/www.actualidadadiario.com\/index.php\/wp-json\/wp\/v2\/posts\/18001"}],"collection":[{"href":"https:\/\/www.actualidadadiario.com\/index.php\/wp-json\/wp\/v2\/posts"}],"about":[{"href":"https:\/\/www.actualidadadiario.com\/index.php\/wp-json\/wp\/v2\/types\/post"}],"author":[{"embeddable":true,"href":"https:\/\/www.actualidadadiario.com\/index.php\/wp-json\/wp\/v2\/users\/3"}],"replies":[{"embeddable":true,"href":"https:\/\/www.actualidadadiario.com\/index.php\/wp-json\/wp\/v2\/comments?post=18001"}],"version-history":[{"count":1,"href":"https:\/\/www.actualidadadiario.com\/index.php\/wp-json\/wp\/v2\/posts\/18001\/revisions"}],"predecessor-version":[{"id":18003,"href":"https:\/\/www.actualidadadiario.com\/index.php\/wp-json\/wp\/v2\/posts\/18001\/revisions\/18003"}],"wp:featuredmedia":[{"embeddable":true,"href":"https:\/\/www.actualidadadiario.com\/index.php\/wp-json\/wp\/v2\/media\/18002"}],"wp:attachment":[{"href":"https:\/\/www.actualidadadiario.com\/index.php\/wp-json\/wp\/v2\/media?parent=18001"}],"wp:term":[{"taxonomy":"category","embeddable":true,"href":"https:\/\/www.actualidadadiario.com\/index.php\/wp-json\/wp\/v2\/categories?post=18001"},{"taxonomy":"post_tag","embeddable":true,"href":"https:\/\/www.actualidadadiario.com\/index.php\/wp-json\/wp\/v2\/tags?post=18001"}],"curies":[{"name":"wp","href":"https:\/\/api.w.org\/{rel}","templated":true}]}}