{"id":17990,"date":"2017-09-28T09:26:45","date_gmt":"2017-09-28T12:26:45","guid":{"rendered":"http:\/\/actualidadadiario.com\/site\/?p=17990"},"modified":"2017-09-28T09:26:45","modified_gmt":"2017-09-28T12:26:45","slug":"la-camara-de-turismo-celebra-restitucion-de-feriados-puente","status":"publish","type":"post","link":"https:\/\/www.actualidadadiario.com\/index.php\/2017\/09\/28\/la-camara-de-turismo-celebra-restitucion-de-feriados-puente\/","title":{"rendered":"La C\u00e1mara de Turismo celebra &#8220;restituci\u00f3n de feriados puente&#8221;"},"content":{"rendered":"<p><em><strong>La C\u00e1mara Entrerriana de Turismo, entidad representativa de la actividad con asociados en los 17 departamentos de la provincia, le dio la bienvenida a la aprobaci\u00f3n, en el Senado de la Naci\u00f3n, del restablecimiento de los feriados puente<\/strong><\/em><\/p>\n<p>&nbsp;<\/p>\n<p>&nbsp;<\/p>\n<p>&nbsp;<\/p>\n<p>La C\u00e1mara Entrerriana de Turismo, entidad representativa de la actividad con asociados en los 17 departamentos de la provincia, le dio la bienvenida a la aprobaci\u00f3n, en el Senado de la Naci\u00f3n, del restablecimiento de los feriados puente.<\/p>\n<p>&nbsp;<\/p>\n<p>Seg\u00fan indicaron desde la entidad, la nueva ley, una iniciativa del legislador misionero Maurice Closs, establece el regreso de los feriados puente, eliminados en enero pasado por el decreto 52\/2017, y fija los d\u00edas festivos de 2018, a la vez que le da la potestad al Poder Ejecutivo para definir tres feriados que puedan ser trasladados para formar un fin de semana largo con el objetivo de fomentar el turismo interno.<\/p>\n<p>&nbsp;<\/p>\n<p>Cabe recordar que este proyecto ya hab\u00eda sido aprobado por los diputados hace dos semanas, y mantiene la misma estructura de feriados inamovibles y trasladables, pero agrega que el Poder Ejecutivo podr\u00e1 fijar anualmente, con 50 d\u00edas de antelaci\u00f3n a la finalizaci\u00f3n del a\u00f1o, hasta tres d\u00edas feriados o no laborables que coincidan con los d\u00edas lunes o viernes, con el fin de &#8220;promover la actividad tur\u00edstica&#8221;.<\/p>\n<p>&nbsp;<\/p>\n<p>Consultado sobre la noticia, Sebasti\u00e1n Bel, Presidente de la CET, se\u00f1al\u00f3 que &#8220;el turismo se ha constituido en una de las actividades m\u00e1s significativas en cuanto a generaci\u00f3n de empleo y bienestar en las econom\u00edas regionales, resultando en el desarrollo transversal de estas comunidades&#8221;, raz\u00f3n por la cual entiende que &#8220;el restaurar los feriados puente significar devolver a estas econom\u00edas un importante factor de desarrollo&#8221;.<\/p>\n<p>&nbsp;<\/p>\n<p>Del mismo modo, respecto al destino Entre R\u00edos, Bel se\u00f1al\u00f3 que &#8220;el regreso de estos feriados es a\u00fan m\u00e1s importante, ya que el universo de emprendimientos PYMES entrerrianos se encuentra en equilibrio, manteniendo un calendario activo a lo largo del a\u00f1o por su cercan\u00eda con los principales centros de demanda&#8221;.<\/p>\n","protected":false},"excerpt":{"rendered":"<p>La C\u00e1mara Entrerriana de Turismo, entidad representativa de la actividad con asociados en los 17 departamentos de la provincia, le dio la bienvenida a la aprobaci\u00f3n, en el Senado de la Naci\u00f3n, del restablecimiento de los feriados puente &nbsp; &nbsp; &nbsp; La C\u00e1mara Entrerriana de Turismo, entidad representativa de la actividad con asociados en los 17 departamentos de la provincia, le dio la bienvenida a la aprobaci\u00f3n, en el Senado de la Naci\u00f3n, del restablecimiento de los feriados puente. &nbsp; Seg\u00fan indicaron desde la entidad, la nueva ley, una iniciativa&#8230;<\/p>\n","protected":false},"author":3,"featured_media":17991,"comment_status":"closed","ping_status":"closed","sticky":false,"template":"","format":"standard","meta":[],"categories":[15],"tags":[],"_links":{"self":[{"href":"https:\/\/www.actualidadadiario.com\/index.php\/wp-json\/wp\/v2\/posts\/17990"}],"collection":[{"href":"https:\/\/www.actualidadadiario.com\/index.php\/wp-json\/wp\/v2\/posts"}],"about":[{"href":"https:\/\/www.actualidadadiario.com\/index.php\/wp-json\/wp\/v2\/types\/post"}],"author":[{"embeddable":true,"href":"https:\/\/www.actualidadadiario.com\/index.php\/wp-json\/wp\/v2\/users\/3"}],"replies":[{"embeddable":true,"href":"https:\/\/www.actualidadadiario.com\/index.php\/wp-json\/wp\/v2\/comments?post=17990"}],"version-history":[{"count":1,"href":"https:\/\/www.actualidadadiario.com\/index.php\/wp-json\/wp\/v2\/posts\/17990\/revisions"}],"predecessor-version":[{"id":17992,"href":"https:\/\/www.actualidadadiario.com\/index.php\/wp-json\/wp\/v2\/posts\/17990\/revisions\/17992"}],"wp:featuredmedia":[{"embeddable":true,"href":"https:\/\/www.actualidadadiario.com\/index.php\/wp-json\/wp\/v2\/media\/17991"}],"wp:attachment":[{"href":"https:\/\/www.actualidadadiario.com\/index.php\/wp-json\/wp\/v2\/media?parent=17990"}],"wp:term":[{"taxonomy":"category","embeddable":true,"href":"https:\/\/www.actualidadadiario.com\/index.php\/wp-json\/wp\/v2\/categories?post=17990"},{"taxonomy":"post_tag","embeddable":true,"href":"https:\/\/www.actualidadadiario.com\/index.php\/wp-json\/wp\/v2\/tags?post=17990"}],"curies":[{"name":"wp","href":"https:\/\/api.w.org\/{rel}","templated":true}]}}