{"id":17984,"date":"2017-09-28T09:25:05","date_gmt":"2017-09-28T12:25:05","guid":{"rendered":"http:\/\/actualidadadiario.com\/site\/?p=17984"},"modified":"2017-09-28T09:25:05","modified_gmt":"2017-09-28T12:25:05","slug":"vamos-a-defender-los-recursos-que-legitimamente-le-corresponden-a-entre-rios-afirmo-bordet","status":"publish","type":"post","link":"https:\/\/www.actualidadadiario.com\/index.php\/2017\/09\/28\/vamos-a-defender-los-recursos-que-legitimamente-le-corresponden-a-entre-rios-afirmo-bordet\/","title":{"rendered":"\u201cVamos a defender los recursos que leg\u00edtimamente le corresponden a Entre R\u00edos\u201d, afirm\u00f3 Bordet"},"content":{"rendered":"<p><em><strong>\u201cNo es justo que el reclamo de la provincia de Buenos Aires sobre el Fondo del Conurbano afecte los recursos de otras provincias\u201d, afirm\u00f3 el gobernador Gustavo Bordet<\/strong><\/em><\/p>\n<p>&nbsp;<\/p>\n<p>&nbsp;<\/p>\n<p>&nbsp;<\/p>\n<p>El mandatario agreg\u00f3, que el reclamo de la provincia de Buenos Aires \u201cllevar\u00eda a una situaci\u00f3n de quebranto a Entre R\u00edos porque con esos 3.600 millones que perder\u00edamos se pagan sueldos, se prestan servicios de salud, desarrollo social y obra p\u00fablica\u201d.<\/p>\n<p>&nbsp;<\/p>\n<p>Bordet, al recordar que hace pocas horas el gobierno llam\u00f3 a licitaci\u00f3n para adquisici\u00f3n de otras 20 ambulancias para las cuales se invertir\u00e1n 30 millones de pesos con fondos propios, advirti\u00f3 que si se le quitan fondos a las provincias para d\u00e1rselos a Buenos Aires, tornar\u00eda en una situaci\u00f3n pr\u00e1cticamente de quebranto a la provincia.<\/p>\n<p>&nbsp;<\/p>\n<p>El gobierno entrerriano, realizar\u00e1 su presentaci\u00f3n ante la Corte Suprema de Justicia este jueves, donde dejar\u00e1 asentada su posici\u00f3n sobre el reclamo de la provincia de Buenos Aires.<\/p>\n<p>&nbsp;<\/p>\n<p>\u201cB\u00e1sicamente el contenido podemos sintetizarlo en que el \u00e1mbito de resoluci\u00f3n de estos conflictos no es el Poder Judicial, no es la Corte Suprema. Entendemos que primero tiene que resolverse desde la pol\u00edtica, y en caso que no pueda llegarse a un acuerdo necesario, es el Congreso de la Naci\u00f3n que tiene que establecer la redistribuci\u00f3n de los reg\u00edmenes de coparticipables&#8221;, manifest\u00f3 Bordet.<\/p>\n<p>&nbsp;<\/p>\n<p>Fundament\u00f3 dicha postura al decir que &#8220;no se desestima el planteo que puede realizar la provincia de Buenos Aires que probablemente tenga legitimidad. Lo que no es justo es que se haga a costa de los recursos de otras provincias, como el caso de la nuestra que representa 3.600 millones de pesos en el a\u00f1o.<\/p>\n<p>&nbsp;<\/p>\n<p>&#8220;Hay que generar una rediscusi\u00f3n que contemple el esquema y el r\u00e9gimen de subsidios, porque es cierto que Buenos Aires deja de percibir fondos del conurbano bonaerense, pero tambi\u00e9n es cierto que esa provincia est\u00e1 ampliamente compensada. Los fondos del conurbano son 50.000 millones y Buenos Aires recibe 70.000 millones de pesos en subsidios al transporte, al gas, a la electricidad. Entre R\u00edos no recibe esos subsidios. Estas son las cosas que hay que balancear\u201d, manifest\u00f3.<\/p>\n<p>&nbsp;<\/p>\n<p>&nbsp;<\/p>\n<p><strong>Salto Grande<\/strong><\/p>\n<p>En la rueda de prensa, el gobernador habl\u00f3 de otros temas de la agenda gubernamental, como la necesidad de provincializar la represa de Salto Grande. &#8220;Lo importante es que se debatan estos temas que son de inter\u00e9s para la provincia. Como gobernador me interesa mucho conocer las posiciones y qu\u00e9 es lo que cada legislador va a presentar para la provincia de Entre R\u00edos, porque en estos tiempos escuchamos que son propuestas nacionales pero ac\u00e1 vamos a elegir propuestas por Entre R\u00edos\u201d.<\/p>\n<p>&nbsp;<\/p>\n<p>\u201cEntonces abrir este debate resulta importante porque no podemos seguir pagando la energ\u00eda m\u00e1s cara que en Capital Federal o en el Conurbano Bonaerense. Estas son las discusiones que tenemos que dar porque hay provincias que tiene regal\u00edas mineras, por hidrocarburos, por petr\u00f3leo o por el fondo del tabaco y nosotros que generamos y producimos la energ\u00eda no tenemos absolutamente nada, ni siquiera los excedentes&#8221;.<\/p>\n<p>&nbsp;<\/p>\n<p>En ese marco, sostuvo que &#8220;no es justo generar la energ\u00eda en la provincia de Entre R\u00edos y pagar el doble m\u00e1s caro que un barrio de la Capital Federal&#8221;.<\/p>\n","protected":false},"excerpt":{"rendered":"<p>\u201cNo es justo que el reclamo de la provincia de Buenos Aires sobre el Fondo del Conurbano afecte los recursos de otras provincias\u201d, afirm\u00f3 el gobernador Gustavo Bordet &nbsp; &nbsp; &nbsp; El mandatario agreg\u00f3, que el reclamo de la provincia de Buenos Aires \u201cllevar\u00eda a una situaci\u00f3n de quebranto a Entre R\u00edos porque con esos 3.600 millones que perder\u00edamos se pagan sueldos, se prestan servicios de salud, desarrollo social y obra p\u00fablica\u201d. &nbsp; Bordet, al recordar que hace pocas horas el gobierno llam\u00f3 a licitaci\u00f3n para adquisici\u00f3n de otras 20&#8230;<\/p>\n","protected":false},"author":3,"featured_media":17985,"comment_status":"closed","ping_status":"closed","sticky":false,"template":"","format":"standard","meta":[],"categories":[9,15],"tags":[],"_links":{"self":[{"href":"https:\/\/www.actualidadadiario.com\/index.php\/wp-json\/wp\/v2\/posts\/17984"}],"collection":[{"href":"https:\/\/www.actualidadadiario.com\/index.php\/wp-json\/wp\/v2\/posts"}],"about":[{"href":"https:\/\/www.actualidadadiario.com\/index.php\/wp-json\/wp\/v2\/types\/post"}],"author":[{"embeddable":true,"href":"https:\/\/www.actualidadadiario.com\/index.php\/wp-json\/wp\/v2\/users\/3"}],"replies":[{"embeddable":true,"href":"https:\/\/www.actualidadadiario.com\/index.php\/wp-json\/wp\/v2\/comments?post=17984"}],"version-history":[{"count":1,"href":"https:\/\/www.actualidadadiario.com\/index.php\/wp-json\/wp\/v2\/posts\/17984\/revisions"}],"predecessor-version":[{"id":17986,"href":"https:\/\/www.actualidadadiario.com\/index.php\/wp-json\/wp\/v2\/posts\/17984\/revisions\/17986"}],"wp:featuredmedia":[{"embeddable":true,"href":"https:\/\/www.actualidadadiario.com\/index.php\/wp-json\/wp\/v2\/media\/17985"}],"wp:attachment":[{"href":"https:\/\/www.actualidadadiario.com\/index.php\/wp-json\/wp\/v2\/media?parent=17984"}],"wp:term":[{"taxonomy":"category","embeddable":true,"href":"https:\/\/www.actualidadadiario.com\/index.php\/wp-json\/wp\/v2\/categories?post=17984"},{"taxonomy":"post_tag","embeddable":true,"href":"https:\/\/www.actualidadadiario.com\/index.php\/wp-json\/wp\/v2\/tags?post=17984"}],"curies":[{"name":"wp","href":"https:\/\/api.w.org\/{rel}","templated":true}]}}