{"id":17981,"date":"2017-09-28T09:24:11","date_gmt":"2017-09-28T12:24:11","guid":{"rendered":"http:\/\/actualidadadiario.com\/site\/?p=17981"},"modified":"2017-09-28T09:24:11","modified_gmt":"2017-09-28T12:24:11","slug":"la-problematica-del-suicidio-fue-motivo-de-analisis-con-centros-de-salud","status":"publish","type":"post","link":"https:\/\/www.actualidadadiario.com\/index.php\/2017\/09\/28\/la-problematica-del-suicidio-fue-motivo-de-analisis-con-centros-de-salud\/","title":{"rendered":"La problem\u00e1tica del suicidio fue motivo de an\u00e1lisis con centros de salud"},"content":{"rendered":"<p><em><strong>Directores y trabajadores de 26 centros de salud del departamento Paran\u00e1 y profesionales del hospital Escuela de Salud Mental participaron de una jornada en la que se trabaj\u00f3 la problem\u00e1tica del suicidio desde la atenci\u00f3n primaria. La convocatoria surgi\u00f3 a instancias del Ministerio de Salud<\/strong><\/em><\/p>\n<p>&nbsp;<\/p>\n<p>&nbsp;<\/p>\n<p>&nbsp;<\/p>\n<p>Las direcciones provinciales del Primer Nivel de Atenci\u00f3n y Salud Mental del Ministerio de Salud organizaron un encuentro para avanzar en criterios compartidos y generar una red de comunicaci\u00f3n, teniendo presente la dimensi\u00f3n de la problem\u00e1tica y que son los centros salud los organismos que cumplen un rol protag\u00f3nico en la prevenci\u00f3n, atenci\u00f3n y posvenci\u00f3n del suicidio \u2013este \u00faltimo concepto implica la intervenci\u00f3n adecuada y de ayuda que se brinda al entorno familiar y comunitario despu\u00e9s del evento\u2013. Por otro lado, se planea un taller con periodistas y medios de comunicaci\u00f3n para trabajar criterios de abordaje medi\u00e1tico.<\/p>\n<p>&nbsp;<\/p>\n<p>\u201cEs una problem\u00e1tica que viene creciendo, sobre todo en la poblaci\u00f3n adolescente\u201d, indic\u00f3 Norma Hern\u00e1ndez, directora general de Primer Nivel de Atenci\u00f3n, quien estuvo en el encuentro con referentes del departamento Paran\u00e1. A su vez se\u00f1al\u00f3 que viene trabajando con la Direcci\u00f3n de Salud Mental: \u201cEl primer lugar donde tuvimos una situaci\u00f3n fue en El Palenque, pero tambi\u00e9n intervenimos en San Benito y Colonia Avellaneda\u201d, se\u00f1al\u00f3.<\/p>\n<p>&nbsp;<\/p>\n<p>\u201cNos interesa mejorar los abordajes y fundamentalmente tener una red de comunicaci\u00f3n aceitada de manera que cuando haya una situaci\u00f3n, que puede emerger en cualquier d\u00eda y horario, r\u00e1pidamente los equipos se contacten y articulen la atenci\u00f3n\u201d, resalt\u00f3 Hern\u00e1ndez, en la apertura de la actividad que se desarroll\u00f3 en el sal\u00f3n del hospital de la Baxada. \u201cEs fundamental que el centro de salud que est\u00e1 m\u00e1s cerca intervenga, entendiendo que es una problem\u00e1tica de salud. En caso que se requiera mayor especializaci\u00f3n sabemos que contamos con equipos de salud mental y con el Hospital Escuela\u201d, explic\u00f3.<\/p>\n<p>&nbsp;<\/p>\n<p>Hern\u00e1ndez enfatiz\u00f3 la vigencia e importancia de que todo el personal los centros de salud entienda que el trabajo en terreno es parte necesaria e indisoluble de la actividad asistencial de un centro de salud. Por ello con la Disposici\u00f3n 14, generada por la Direcci\u00f3n a su cargo, no se deja lugar a dudas de \u201cque todo el personal de los centros de salud debe participar en actividades extramuros y est\u00e1 habilitado para desempe\u00f1ar tareas fuera del estricto \u00e1mbito edilicio del Centro\u201d.<\/p>\n<p>&nbsp;<\/p>\n<p>Es decir, dicho lineamiento apunta al trabajo en el \u00e1mbito comunitario para la promoci\u00f3n y prevenci\u00f3n, ejes fundamentales para la salud en general y para la problem\u00e1tica del suicidio en particular.<\/p>\n<p>&nbsp;<\/p>\n<p>La funcionaria tambi\u00e9n explic\u00f3 que para estos casos se encuentra funcionando una red de trabajo intersectorial con representantes del Consejo Provincial del Ni\u00f1o, el Adolecente y la Familia (Copnaf), el Consejo Provincial de Prevenci\u00f3n de Violencia (Coprev), y con la departamental de Escuelas del Consejo General de Educaci\u00f3n (CGE).<\/p>\n<p>&nbsp;<\/p>\n<p>&nbsp;<\/p>\n<p><strong>Abordaje de la problem\u00e1tica del suicidio<\/strong><\/p>\n<p>En otro momento de la jornada el director de Salud Mental y Adicciones de la provincia, Carlos Berbara, socializ\u00f3 las l\u00edneas estrat\u00e9gicas presentes para optimizar el abordaje en prevenci\u00f3n, atenci\u00f3n y posvenci\u00f3n de la problem\u00e1tica del suicidio. Berbara utiliz\u00f3 como fundamento protocolos generados desde la Direcci\u00f3n Nacional de Salud Mental, lo que permiti\u00f3 el intercambio con los trabajadores presentes, a fin de ajustar dichos lineamientos a las realidades de Paran\u00e1 y Paran\u00e1 Campa\u00f1a.<\/p>\n<p>&nbsp;<\/p>\n<p>\u201cContrariamente a lo establecido en la creencia popular, hablar del suicidio no provoca actos de autolesi\u00f3n, por el contrario les permite hablar acerca de los problemas y la ambivalencia con la que est\u00e1n luchando y en muchos casos aliviar, al menos moment\u00e1neamente, la tensi\u00f3n ps\u00edquica que constituye la ideaci\u00f3n de muerte, de esta manera el paciente percibe que puede ser ayudado\u201d, se\u00f1ala uno de los protocolos analizado en la jornada.<\/p>\n<p>&nbsp;<\/p>\n<p>&nbsp;<\/p>\n<p><strong>Responsabilidad y compromiso comunicacional<\/strong><\/p>\n<p>Teniendo presente el rol protag\u00f3nico que los medios masivos de difusi\u00f3n tienen en la construcci\u00f3n de imaginarios sociales sobre la problem\u00e1tica del suicidio, desde la Direcci\u00f3n de Salud Mental se prev\u00e9 para octubre un encuentro con periodistas, comunicadores y estudiantes de carreras afines, con el objetivo de trabajar en el abordaje responsable de esta problem\u00e1tica.<\/p>\n<p>&nbsp;<\/p>\n<p>La Direcci\u00f3n Nacional de Salud Mental y Adicciones y la Defensor\u00eda del P\u00fablico, elaboraron gu\u00edas destinadas a comunicadores y periodistas para el abordaje responsable de la problem\u00e1tica de suicidios con recomendaciones b\u00e1sicas.<\/p>\n<p>&nbsp;<\/p>\n<p>* Respetar la intimidad de la persona y su familia.<\/p>\n<p>&nbsp;<\/p>\n<p>* No hacer circular fotograf\u00edas ni detalles espec\u00edficos del hecho en los medios, ni redes sociales ni en ning\u00fan canal informativo.<\/p>\n<p>&nbsp;<\/p>\n<p>* No hacer hip\u00f3tesis sobre las causas. Siempre son singulares y m\u00e1s complejas de lo que suponemos desde el sentido com\u00fan.<\/p>\n<p>&nbsp;<\/p>\n<p>* Abordar los temas reforzando la promoci\u00f3n de la salud.<\/p>\n<p>&nbsp;<\/p>\n<p>* Recurrir y utilizar fuentes que sean aut\u00e9nticas y confiables.<\/p>\n<p>&nbsp;<\/p>\n<p>* No realizar comentarios espont\u00e1neos que muchas veces refuerzan los estigmas.<\/p>\n<p>&nbsp;<\/p>\n<p>* Evitar generalizaciones.<\/p>\n<p>&nbsp;<\/p>\n<p>* No informar la problem\u00e1tica como una respuesta entendible a los problemas o cambios sociales.<\/p>\n<p>&nbsp;<\/p>\n<p>* No abordar el tema como una cuesti\u00f3n de cobard\u00eda o valent\u00eda. Las personas que intentan un suicidio no son cobardes o valientes, son personas que sufren. El suicidio no es un hecho delictivo.<\/p>\n<p>&nbsp;<\/p>\n<p>\u201cLos medios de comunicaci\u00f3n juegan un papel altamente significativo en la sociedad actual, al suministrar una amplia gama de informaciones en diversas formas. Ejercen una fuerte influencia sobre las actitudes, creencias y comportamientos de la comunidad y juegan un importante rol en la pol\u00edtica, la econom\u00eda y la pr\u00e1ctica social. Debido a ello, los medios tambi\u00e9n pueden jugar un rol activo en la prevenci\u00f3n del suicidio*\u201d.<\/p>\n<p>&nbsp;<\/p>\n<p>*Del cuadernillo Comunicaci\u00f3n responsable: Recomendaciones para el tratamiento de temas de salud mental en los medios, elaborado en 2013 por la Direcci\u00f3n Nacional de Salud Mental y Adicciones.<\/p>\n","protected":false},"excerpt":{"rendered":"<p>Directores y trabajadores de 26 centros de salud del departamento Paran\u00e1 y profesionales del hospital Escuela de Salud Mental participaron de una jornada en la que se trabaj\u00f3 la problem\u00e1tica del suicidio desde la atenci\u00f3n primaria. La convocatoria surgi\u00f3 a instancias del Ministerio de Salud &nbsp; &nbsp; &nbsp; Las direcciones provinciales del Primer Nivel de Atenci\u00f3n y Salud Mental del Ministerio de Salud organizaron un encuentro para avanzar en criterios compartidos y generar una red de comunicaci\u00f3n, teniendo presente la dimensi\u00f3n de la problem\u00e1tica y que son los centros salud&#8230;<\/p>\n","protected":false},"author":3,"featured_media":17982,"comment_status":"closed","ping_status":"closed","sticky":false,"template":"","format":"standard","meta":[],"categories":[15],"tags":[],"_links":{"self":[{"href":"https:\/\/www.actualidadadiario.com\/index.php\/wp-json\/wp\/v2\/posts\/17981"}],"collection":[{"href":"https:\/\/www.actualidadadiario.com\/index.php\/wp-json\/wp\/v2\/posts"}],"about":[{"href":"https:\/\/www.actualidadadiario.com\/index.php\/wp-json\/wp\/v2\/types\/post"}],"author":[{"embeddable":true,"href":"https:\/\/www.actualidadadiario.com\/index.php\/wp-json\/wp\/v2\/users\/3"}],"replies":[{"embeddable":true,"href":"https:\/\/www.actualidadadiario.com\/index.php\/wp-json\/wp\/v2\/comments?post=17981"}],"version-history":[{"count":1,"href":"https:\/\/www.actualidadadiario.com\/index.php\/wp-json\/wp\/v2\/posts\/17981\/revisions"}],"predecessor-version":[{"id":17983,"href":"https:\/\/www.actualidadadiario.com\/index.php\/wp-json\/wp\/v2\/posts\/17981\/revisions\/17983"}],"wp:featuredmedia":[{"embeddable":true,"href":"https:\/\/www.actualidadadiario.com\/index.php\/wp-json\/wp\/v2\/media\/17982"}],"wp:attachment":[{"href":"https:\/\/www.actualidadadiario.com\/index.php\/wp-json\/wp\/v2\/media?parent=17981"}],"wp:term":[{"taxonomy":"category","embeddable":true,"href":"https:\/\/www.actualidadadiario.com\/index.php\/wp-json\/wp\/v2\/categories?post=17981"},{"taxonomy":"post_tag","embeddable":true,"href":"https:\/\/www.actualidadadiario.com\/index.php\/wp-json\/wp\/v2\/tags?post=17981"}],"curies":[{"name":"wp","href":"https:\/\/api.w.org\/{rel}","templated":true}]}}